{"id":8678,"date":"2026-03-27T20:08:38","date_gmt":"2026-03-27T20:08:38","guid":{"rendered":"https:\/\/friburgonoticias.com.br\/temp\/2026\/03\/27\/policia-militar-prende-suspeitos-no-centro-de-nova-friburgo\/"},"modified":"2026-03-27T20:08:38","modified_gmt":"2026-03-27T20:08:38","slug":"policia-militar-prende-suspeitos-no-centro-de-nova-friburgo","status":"publish","type":"post","link":"https:\/\/friburgonoticias.com.br\/temp\/2026\/03\/27\/policia-militar-prende-suspeitos-no-centro-de-nova-friburgo\/","title":{"rendered":"Pol\u00edcia Militar prende suspeitos no Centro de Nova Friburgo"},"content":{"rendered":"<p><\/p>\n<div id=\"post-64137\">\n<div class=\"post-header post-tp-13-header\">\n<div class=\"single-featured\">\n<img loading=\"lazy\" decoding=\"async\" data-lazyloaded=\"1\" src=\"https:\/\/www.serranewsrj.com.br\/wp-content\/uploads\/2026\/03\/friburgo-1130x580.jpeg\" width=\"1130\" height=\"580\" alt=\"\"\/><\/div>\n<\/div>\n<div class=\"entry-content clearfix single-post-content\">\n<p style=\"text-align: justify;\">Uma a\u00e7\u00e3o policial mobilizou equipes na Rua Augusto Cardoso, no Centro de <a href=\"https:\/\/www.serranewsrj.com.br\/noticias\/regiao-serrana\/nova-friburgo\"\/><a href=\"https:\/\/www.serranewsrj.com.br\/noticias\/regiao-serrana\/nova-friburgo\" target=\"_blank\">Nova Friburgo<\/a>, na tarde de sexta-feira (27\/03).<\/p>\n<div class=\"ijnqzwcsdf ijnqzwcsdf-post-inline ijnqzwcsdf-float-center ijnqzwcsdf-align-center ijnqzwcsdf-column-1 ijnqzwcsdf-clearfix no-bg-box-model\">\n<div id=\"ijnqzwcsdf-63613-1571189495\" class=\"ijnqzwcsdf-container ijnqzwcsdf-type-image\" itemscope=\"\" itemtype=\"https:\/\/schema.org\/WPAdBlock\" data-adid=\"63613\" data-type=\"image\"><a itemprop=\"url\" class=\"ijnqzwcsdf-link\" href=\"https:\/\/www.instagram.com\/fepronovafriburgo\" target=\"_blank\" rel=\"nofollow\"><img loading=\"lazy\" decoding=\"async\" data-lazyloaded=\"1\" class=\"ijnqzwcsdf-image\" src=\"https:\/\/www.serranewsrj.com.br\/wp-content\/uploads\/2026\/03\/SERRA_NEWS_1230X300-ezgif.com-png-to-webp-converter.webp\" alt=\"Fepro 2026 \u2013 8 a 12 de abril (1230\u00d7300 pixels) WebP\" width=\"1230\" height=\"300\"\/><\/a><\/div>\n<\/div>\n<p>V\u00eddeos gravados por moradores registraram parte da a\u00e7\u00e3o policial, at\u00e9 a captura de pelo menos dois suspeitos, que foram detidos e encaminhados pela Pol\u00edcia Militar.<\/p>\n<p>Segundo informa\u00e7\u00f5es iniciais, os suspeitos estariam praticando assaltos na cidade. Por enquanto, o boletim de ocorr\u00eancia ainda n\u00e3o foi oficialmente divulgado.<\/p>\n<blockquote class=\"instagram-media\" style=\"background: #FFF; border: 0; border-radius: 3px; box-shadow: 0 0 1px 0 rgba(0,0,0,0.5),0 1px 10px 0 rgba(0,0,0,0.15); margin: 1px; max-width: 540px; min-width: 326px; padding: 0; width: calc(100% - 2px);\" data-instgrm-permalink=\"https:\/\/www.instagram.com\/reel\/DWZnQMUjr-U\/?utm_source=ig_embed&amp;utm_campaign=loading\" data-instgrm-version=\"14\"\/>\n<div class=\"ijnqzwcsdf ijnqzwcsdf-post-inline ijnqzwcsdf-float-center ijnqzwcsdf-align-center ijnqzwcsdf-column-1 ijnqzwcsdf-clearfix no-bg-box-model\">\n<div id=\"ijnqzwcsdf-49250-231507110\" class=\"ijnqzwcsdf-container ijnqzwcsdf-type-image\" itemscope=\"\" itemtype=\"https:\/\/schema.org\/WPAdBlock\" data-adid=\"49250\" data-type=\"image\"><a itemprop=\"url\" class=\"ijnqzwcsdf-link\" href=\"https:\/\/www.evosolar.com.br\/simuladorsolarrj\" target=\"_blank\" rel=\"nofollow\"><img loading=\"lazy\" decoding=\"async\" data-lazyloaded=\"1\" class=\"ijnqzwcsdf-image\" src=\"https:\/\/www.serranewsrj.com.br\/wp-content\/uploads\/2025\/05\/BannerdositedaSerraNews1230x250px-ezgif.com-png-to-webp-converter-1-scaled.webp\" alt=\"Evosolar (Maio) WebP \u2013 1230 x 250 px\" width=\"2560\" height=\"520\"\/><\/a><\/div>\n<\/div>\n<div class=\"ijnqzwcsdf ijnqzwcsdf-post-bottom ijnqzwcsdf-float-center ijnqzwcsdf-align-center ijnqzwcsdf-column-1 ijnqzwcsdf-clearfix no-bg-box-model\">\n<div id=\"ijnqzwcsdf-52933-1852703731\" class=\"ijnqzwcsdf-container ijnqzwcsdf-type-image\" itemscope=\"\" itemtype=\"https:\/\/schema.org\/WPAdBlock\" data-adid=\"52933\" data-type=\"image\"><a itemprop=\"url\" class=\"ijnqzwcsdf-link\" href=\"https:\/\/jmfsaude.com.br\/\" target=\"_blank\" rel=\"nofollow\"><img loading=\"lazy\" decoding=\"async\" data-lazyloaded=\"1\" class=\"ijnqzwcsdf-image\" src=\"https:\/\/www.serranewsrj.com.br\/wp-content\/uploads\/2025\/03\/bannersiteJMF-ezgif.com-png-to-webp-converter.webp\" alt=\"JMF Solu\u00e7\u00f5es em Sa\u00fade \u2013 1200\u00d7400 pxl WebP\" width=\"1200\" height=\"400\"\/><\/a><\/div>\n<\/div>\n<\/div>\n<\/div>\n<div id=\"\">\n<a href=\"https:\/\/www.serranewsrj.com.br\/author\/admin-2\" title=\"Artigos de autor\"><br \/>\n<span class=\"post-author-avatar\" itemprop=\"image\"><img loading=\"lazy\" decoding=\"async\" data-lazyloaded=\"1\" alt=\"\" src=\"https:\/\/www.serranewsrj.com.br\/wp-content\/uploads\/2025\/03\/REDONDA-4-180x180.png\" class=\"avatar avatar-80 photo avatar-default\" height=\"80\" width=\"80\"\/><\/span><br \/>\n<\/a><\/p>\n<div class=\"post-author-bio\" itemprop=\"description\">\n<p>A sua fonte segura de informa\u00e7\u00e3o no interior do Rio de Janeiro.<\/p>\n<\/div>\n<\/div>\n<p><script async src=\"\/\/www.instagram.com\/embed.js\"><\/script><br \/>\n<br \/><\/a><\/p>\n<p>Fonte: www.serranewsrj.com.br<\/p>\n","protected":false},"excerpt":{"rendered":"<p>Uma a\u00e7\u00e3o policial mobilizou equipes na Rua Augusto Cardoso, no Centro de Nova Friburgo, na tarde de sexta-feira (27\/03). V\u00eddeos gravados por moradores registraram parte da a\u00e7\u00e3o policial, at\u00e9 a captura de pelo menos dois suspeitos, que foram detidos e encaminhados pela Pol\u00edcia Militar. Segundo informa\u00e7\u00f5es iniciais, os suspeitos estariam praticando assaltos na cidade. Por [&hellip;]<\/p>\n","protected":false},"author":3,"featured_media":8679,"comment_status":"open","ping_status":"open","sticky":false,"template":"","format":"standard","meta":{"advanced_seo_description":"","jetpack_seo_html_title":"","jetpack_seo_noindex":false,"fifu_image_url":"https:\/\/www.serranewsrj.com.br\/wp-content\/uploads\/2026\/03\/friburgo.jpeg","fifu_image_alt":"","_jetpack_memberships_contains_paid_content":false,"footnotes":"","jetpack_publicize_message":"","jetpack_publicize_feature_enabled":true,"jetpack_social_post_already_shared":true,"jetpack_social_options":{"image_generator_settings":{"template":"highway","default_image_id":0,"font":"","enabled":false},"version":2}},"categories":[104,1],"tags":[],"class_list":{"0":"post-8678","1":"post","2":"type-post","3":"status-publish","4":"format-standard","5":"has-post-thumbnail","7":"category-cidade","8":"category-uncategorized"},"jetpack_publicize_connections":[],"jetpack_featured_media_url":"https:\/\/i0.wp.com\/www.serranewsrj.com.br\/wp-content\/uploads\/2026\/03\/friburgo.jpeg?fit=%2C&ssl=1","jetpack_sharing_enabled":true,"jetpack-related-posts":[],"_links":{"self":[{"href":"https:\/\/friburgonoticias.com.br\/temp\/wp-json\/wp\/v2\/posts\/8678","targetHints":{"allow":["GET"]}}],"collection":[{"href":"https:\/\/friburgonoticias.com.br\/temp\/wp-json\/wp\/v2\/posts"}],"about":[{"href":"https:\/\/friburgonoticias.com.br\/temp\/wp-json\/wp\/v2\/types\/post"}],"author":[{"embeddable":true,"href":"https:\/\/friburgonoticias.com.br\/temp\/wp-json\/wp\/v2\/users\/3"}],"replies":[{"embeddable":true,"href":"https:\/\/friburgonoticias.com.br\/temp\/wp-json\/wp\/v2\/comments?post=8678"}],"version-history":[{"count":0,"href":"https:\/\/friburgonoticias.com.br\/temp\/wp-json\/wp\/v2\/posts\/8678\/revisions"}],"wp:featuredmedia":[{"embeddable":true,"href":"https:\/\/friburgonoticias.com.br\/temp\/wp-json\/wp\/v2\/media\/8679"}],"wp:attachment":[{"href":"https:\/\/friburgonoticias.com.br\/temp\/wp-json\/wp\/v2\/media?parent=8678"}],"wp:term":[{"taxonomy":"category","embeddable":true,"href":"https:\/\/friburgonoticias.com.br\/temp\/wp-json\/wp\/v2\/categories?post=8678"},{"taxonomy":"post_tag","embeddable":true,"href":"https:\/\/friburgonoticias.com.br\/temp\/wp-json\/wp\/v2\/tags?post=8678"}],"curies":[{"name":"wp","href":"https:\/\/api.w.org\/{rel}","templated":true}]}}