{"id":8710,"date":"2026-03-29T20:07:13","date_gmt":"2026-03-29T20:07:13","guid":{"rendered":"https:\/\/friburgonoticias.com.br\/temp\/2026\/03\/29\/agenda-cheia-parede-tambem-canella-multiplica-inauguracoes-e-retratos-por-belford-roxo\/"},"modified":"2026-03-29T20:07:13","modified_gmt":"2026-03-29T20:07:13","slug":"agenda-cheia-parede-tambem-canella-multiplica-inauguracoes-e-retratos-por-belford-roxo","status":"publish","type":"post","link":"https:\/\/friburgonoticias.com.br\/temp\/2026\/03\/29\/agenda-cheia-parede-tambem-canella-multiplica-inauguracoes-e-retratos-por-belford-roxo\/","title":{"rendered":"Agenda cheia, parede tamb\u00e9m: Canella multiplica inaugura\u00e7\u00f5es \u2014 e retratos \u2014 por Belford Roxo"},"content":{"rendered":"<p><\/p>\n<div itemprop=\"articleBody\">\nEm Belford Roxo, a reta final da gest\u00e3o de M\u00e1rcio Canella (Uni\u00e3o) ganhou ritmo acelerado. <a href=\"https:\/\/temporealrj.com\/canella-deixa-prefeitura-para-senado\/\">Prestes a deixar a prefeitura para disputar uma vaga no Senado<\/a>, o prefeito intensificou a agenda de entregas e concentrou inaugura\u00e7\u00f5es nos \u00faltimos dias.<\/p>\n<p>Neste domingo (29), Canella entregou uma academia municipal climatizada, totalmente gratuita, e uma Casa da Cultura. No dia anterior, ele j\u00e1 havia inaugurado o primeiro hospital veterin\u00e1rio p\u00fablico de Belford Roxo, e, antes disso, lan\u00e7ou duas bases novas da Pol\u00edcia Militar \u2014 uma no Gog\u00f3 da Ema (Morro do Flamengo) e outra na entrada do Parque S\u00e3o Vicente.<\/p>\n<p>Em meio \u00e0 maratona de inaugura\u00e7\u00f5es, um detalhe chamou aten\u00e7\u00e3o na divulga\u00e7\u00e3o dos novos espa\u00e7os: muitos contam com retratos do pr\u00f3prio prefeito e da vice, Mariana Malta (Uni\u00e3o), pendurados nas paredes.<\/p>\n<p>Imagina se a moda pega?<\/p>\n<div class=\"wp-block-image\">\n<figure class=\"aligncenter size-large\"><img loading=\"lazy\" decoding=\"async\" width=\"1088\" height=\"816\" src=\"https:\/\/temporealrj.com\/wp-content\/uploads\/2026\/03\/WhatsApp-Image-2026-03-29-at-14.03.26-edited.jpeg\" alt=\"WhatsApp Image 2026 03 29 at 14.03.26 edited\" class=\"wp-image-126879\" title=\"Agenda cheia, parede tamb\u00e9m: Canella multiplica inaugura\u00e7\u00f5es \u2014 e retratos \u2014 por Belford Roxo 62\" srcset=\"https:\/\/temporealrj.com\/wp-content\/uploads\/2026\/03\/WhatsApp-Image-2026-03-29-at-14.03.26-edited.jpeg 1088w, https:\/\/temporealrj.com\/wp-content\/uploads\/2026\/03\/WhatsApp-Image-2026-03-29-at-14.03.26-edited-300x225.jpeg 300w, https:\/\/temporealrj.com\/wp-content\/uploads\/2026\/03\/WhatsApp-Image-2026-03-29-at-14.03.26-edited-1024x768.jpeg 1024w, https:\/\/temporealrj.com\/wp-content\/uploads\/2026\/03\/WhatsApp-Image-2026-03-29-at-14.03.26-edited-768x576.jpeg 768w, https:\/\/temporealrj.com\/wp-content\/uploads\/2026\/03\/WhatsApp-Image-2026-03-29-at-14.03.26-edited-860x645.jpeg 860w\" sizes=\"auto, (max-width: 1088px) 100vw, 1088px\"\/><figcaption class=\"wp-element-caption\">Retratos de Canella e Mariana na nova Casa da Cultura de Belford Roxo \u2013 Foto: Reprodu\u00e7\u00e3o\/Redes sociais<\/figcaption><\/figure>\n<\/div>\n<p>At\u00e9 os pets ter\u00e3o um espa\u00e7o para \u201cagradecer\u201d o executivo municipal.<\/p>\n<div class=\"wp-block-image\">\n<figure class=\"aligncenter size-large\"><img loading=\"lazy\" decoding=\"async\" width=\"501\" height=\"1024\" src=\"https:\/\/temporealrj.com\/wp-content\/uploads\/2026\/03\/WhatsApp-Image-2026-03-29-at-14.08.54-501x1024.jpeg\" alt=\"WhatsApp Image 2026 03 29 at 14.08.54\" class=\"wp-image-126880\" title=\"Agenda cheia, parede tamb\u00e9m: Canella multiplica inaugura\u00e7\u00f5es \u2014 e retratos \u2014 por Belford Roxo 63\" srcset=\"https:\/\/temporealrj.com\/wp-content\/uploads\/2026\/03\/WhatsApp-Image-2026-03-29-at-14.08.54-501x1024.jpeg 501w, https:\/\/temporealrj.com\/wp-content\/uploads\/2026\/03\/WhatsApp-Image-2026-03-29-at-14.08.54-147x300.jpeg 147w, https:\/\/temporealrj.com\/wp-content\/uploads\/2026\/03\/WhatsApp-Image-2026-03-29-at-14.08.54-751x1536.jpeg 751w, https:\/\/temporealrj.com\/wp-content\/uploads\/2026\/03\/WhatsApp-Image-2026-03-29-at-14.08.54.jpeg 759w\" sizes=\"auto, (max-width: 501px) 100vw, 501px\"\/><figcaption class=\"wp-element-caption\">Cachorro adotado por Canella p\u00f4de apreciar a foto do tutor durante inaugura\u00e7\u00e3o do hospital veterin\u00e1rio \u2013 Foto: Reprodu\u00e7\u00e3o\/Redes sociais<\/figcaption><\/figure>\n<\/div>\n<\/div>\n<p><\/a><\/p>\n<p>Fonte: temporealrj.com<\/p>\n","protected":false},"excerpt":{"rendered":"<p>Em Belford Roxo, a reta final da gest\u00e3o de M\u00e1rcio Canella (Uni\u00e3o) ganhou ritmo acelerado. Prestes a deixar a prefeitura para disputar uma vaga no Senado, o prefeito intensificou a agenda de entregas e concentrou inaugura\u00e7\u00f5es nos \u00faltimos dias. Neste domingo (29), Canella entregou uma academia municipal climatizada, totalmente gratuita, e uma Casa da Cultura. [&hellip;]<\/p>\n","protected":false},"author":3,"featured_media":8711,"comment_status":"open","ping_status":"open","sticky":false,"template":"","format":"standard","meta":{"advanced_seo_description":"","jetpack_seo_html_title":"","jetpack_seo_noindex":false,"fifu_image_url":"https:\/\/temporealrj.com\/wp-content\/uploads\/2026\/03\/WhatsApp-Image-2026-03-29-at-14.04.26-e1774813066279.jpeg","fifu_image_alt":"","_jetpack_memberships_contains_paid_content":false,"footnotes":"","jetpack_publicize_message":"","jetpack_publicize_feature_enabled":true,"jetpack_social_post_already_shared":true,"jetpack_social_options":{"image_generator_settings":{"template":"highway","default_image_id":0,"font":"","enabled":false},"version":2}},"categories":[107],"tags":[],"class_list":{"0":"post-8710","1":"post","2":"type-post","3":"status-publish","4":"format-standard","5":"has-post-thumbnail","7":"category-economia"},"jetpack_publicize_connections":[],"jetpack_featured_media_url":"https:\/\/i0.wp.com\/temporealrj.com\/wp-content\/uploads\/2026\/03\/WhatsApp-Image-2026-03-29-at-14.04.26-e1774813066279.jpeg?fit=%2C&ssl=1","jetpack_sharing_enabled":true,"jetpack-related-posts":[],"_links":{"self":[{"href":"https:\/\/friburgonoticias.com.br\/temp\/wp-json\/wp\/v2\/posts\/8710","targetHints":{"allow":["GET"]}}],"collection":[{"href":"https:\/\/friburgonoticias.com.br\/temp\/wp-json\/wp\/v2\/posts"}],"about":[{"href":"https:\/\/friburgonoticias.com.br\/temp\/wp-json\/wp\/v2\/types\/post"}],"author":[{"embeddable":true,"href":"https:\/\/friburgonoticias.com.br\/temp\/wp-json\/wp\/v2\/users\/3"}],"replies":[{"embeddable":true,"href":"https:\/\/friburgonoticias.com.br\/temp\/wp-json\/wp\/v2\/comments?post=8710"}],"version-history":[{"count":0,"href":"https:\/\/friburgonoticias.com.br\/temp\/wp-json\/wp\/v2\/posts\/8710\/revisions"}],"wp:featuredmedia":[{"embeddable":true,"href":"https:\/\/friburgonoticias.com.br\/temp\/wp-json\/wp\/v2\/media\/8711"}],"wp:attachment":[{"href":"https:\/\/friburgonoticias.com.br\/temp\/wp-json\/wp\/v2\/media?parent=8710"}],"wp:term":[{"taxonomy":"category","embeddable":true,"href":"https:\/\/friburgonoticias.com.br\/temp\/wp-json\/wp\/v2\/categories?post=8710"},{"taxonomy":"post_tag","embeddable":true,"href":"https:\/\/friburgonoticias.com.br\/temp\/wp-json\/wp\/v2\/tags?post=8710"}],"curies":[{"name":"wp","href":"https:\/\/api.w.org\/{rel}","templated":true}]}}