{"id":8714,"date":"2026-03-30T11:27:14","date_gmt":"2026-03-30T11:27:14","guid":{"rendered":"https:\/\/friburgonoticias.com.br\/temp\/2026\/03\/30\/eduardo-cavaliere-oficializa-13-mudancas-nos-primeiros-escaloes-da-prefeitura-do-rio\/"},"modified":"2026-03-30T11:27:14","modified_gmt":"2026-03-30T11:27:14","slug":"eduardo-cavaliere-oficializa-13-mudancas-nos-primeiros-escaloes-da-prefeitura-do-rio","status":"publish","type":"post","link":"https:\/\/friburgonoticias.com.br\/temp\/2026\/03\/30\/eduardo-cavaliere-oficializa-13-mudancas-nos-primeiros-escaloes-da-prefeitura-do-rio\/","title":{"rendered":"Eduardo Cavaliere oficializa 13 mudan\u00e7as nos primeiros escal\u00f5es da Prefeitura do Rio"},"content":{"rendered":"<p><\/p>\n<div itemprop=\"articleBody\">\nO prefeito Eduardo Cavaliere (PSD) publicou no <a href=\"https:\/\/doweb.rio.rj.gov.br\/\" target=\"_blank\" rel=\"noopener\">Di\u00e1rio Oficial <\/a>desta segunda-feira (30) as exonera\u00e7\u00f5es de mais de uma dezena de secret\u00e1rios e presidentes de estatais que deixam seus cargos para disputar as elei\u00e7\u00f5es de outubro. Em quase todos os casos, eles foram substitu\u00eddos por t\u00e9cnicos ou quadros internos.<\/p>\n<p>Na Educa\u00e7\u00e3o, sai Renan Ferreirinha e entra Hugo Ribeiro Nepomuceno, No Meio Ambiente e Clima, Tain\u00e1 de Paula \u00e9 substitu\u00edda por L\u00edvia Galdino da Cruz Suzart. Nos Esportes, Guilherme Schleder d\u00e1 lugar a Bruno Assump\u00e7\u00e3o Ramos. Na Ci\u00eancia e Tecnologia, sai Tatiana Roque e entra Gabriel Medina de Toledo.  Na Habita\u00e7\u00e3o, Adilson Pires deixa a pasta para Cl\u00e1udio Barcelos Dutra.<\/p>\n<p>Na Secretaria das Mulheres e Cuidados, Joyce Trindade \u00e9 substitu\u00edda por Mariana Xavier da Silva. No Consumidor, Jo\u00e3o Pires passa o bast\u00e3o para Gabriel Siggelkow Guimar\u00e3es. No Planet\u00e1rio, Renato Pellizzari d\u00e1 lugar a Cynthia Maria Candida Vallim. No Instituto Pereira Passos, Elias Jabbour sai para Clara Sanchez Rodrigues assumir. E no Envelhecimento Saud\u00e1vel, Felipe Michel deixa a cadeira, e Tiago Almeida da Silva fica respons\u00e1vel pelo expediente.<\/p>\n<p>Na Secretaria de Assist\u00eancia Social, onde Martha Rocha j\u00e1 tinha sa\u00eddo, foi nomeado Augusto Lopes de Almeida Ribeiro. Na Prote\u00e7\u00e3o e Defesa dos Animais, j\u00e1 que o titular Luiz Paulo Ramos Filho ser\u00e1 candidato, assume Jeniffer de Oliveira Moraes Coelho.<\/p>\n<p>O Di\u00e1rio Oficial tamb\u00e9m registrou o remanejamento de Bernardo Egas \u2014 exonerado da presid\u00eancia do Previ-Rio e nomeado na Secretaria municipal de Administra\u00e7\u00e3o no lugar de Marcelo Queiroz, pr\u00e9-candidato a deputado federal. Para o instituto de previd\u00eancia, foi a contadora Fernanda Nunes Leiroz.<\/p>\n<p>A lista tem nomes como Guilherme Schleder, um dos mais antigos colaborados de Eduardo Paes e um dos nomes fortes do PSD; e novidades, como o \u201cinfluencer\u201d Jo\u00e3o Pires, que tem mais seguidores nas redes sociais que o pr\u00f3prio ex-prefeito pr\u00e9-candidato ao governo do estado.<\/p>\n<figure class=\"wp-block-image size-full\"><img loading=\"lazy\" decoding=\"async\" width=\"556\" height=\"287\" src=\"https:\/\/temporealrj.com\/wp-content\/uploads\/2026\/03\/WhatsApp-Image-2026-03-30-at-07.08.50.jpeg\" alt=\"WhatsApp Image 2026 03 30 at 07.08.50\" class=\"wp-image-126899\" title=\"Reforma do secretariado: Eduardo Cavaliere oficializa 13 mudan\u00e7as nos primeiros escal\u00f5es da Prefeitura do Rio 62\" srcset=\"https:\/\/temporealrj.com\/wp-content\/uploads\/2026\/03\/WhatsApp-Image-2026-03-30-at-07.08.50.jpeg 556w, https:\/\/temporealrj.com\/wp-content\/uploads\/2026\/03\/WhatsApp-Image-2026-03-30-at-07.08.50-300x155.jpeg 300w\" sizes=\"auto, (max-width: 556px) 100vw, 556px\"\/><\/figure>\n<figure class=\"wp-block-image size-large\"><img loading=\"lazy\" decoding=\"async\" width=\"1024\" height=\"561\" src=\"https:\/\/temporealrj.com\/wp-content\/uploads\/2026\/03\/WhatsApp-Image-2026-03-30-at-07.08.51-1024x561.jpeg\" alt=\"WhatsApp Image 2026 03 30 at 07.08.51\" class=\"wp-image-126900\" title=\"Reforma do secretariado: Eduardo Cavaliere oficializa 13 mudan\u00e7as nos primeiros escal\u00f5es da Prefeitura do Rio 63\" srcset=\"https:\/\/temporealrj.com\/wp-content\/uploads\/2026\/03\/WhatsApp-Image-2026-03-30-at-07.08.51-1024x561.jpeg 1024w, https:\/\/temporealrj.com\/wp-content\/uploads\/2026\/03\/WhatsApp-Image-2026-03-30-at-07.08.51-300x164.jpeg 300w, https:\/\/temporealrj.com\/wp-content\/uploads\/2026\/03\/WhatsApp-Image-2026-03-30-at-07.08.51-768x421.jpeg 768w, https:\/\/temporealrj.com\/wp-content\/uploads\/2026\/03\/WhatsApp-Image-2026-03-30-at-07.08.51-860x471.jpeg 860w, https:\/\/temporealrj.com\/wp-content\/uploads\/2026\/03\/WhatsApp-Image-2026-03-30-at-07.08.51.jpeg 1128w\" sizes=\"auto, (max-width: 1024px) 100vw, 1024px\"\/><\/figure>\n<figure class=\"wp-block-image size-large\"><img loading=\"lazy\" decoding=\"async\" width=\"1024\" height=\"496\" src=\"https:\/\/temporealrj.com\/wp-content\/uploads\/2026\/03\/WhatsApp-Image-2026-03-30-at-07.08.51-1-1024x496.jpeg\" alt=\"WhatsApp Image 2026 03 30 at 07.08.51 1\" class=\"wp-image-126901\" title=\"Reforma do secretariado: Eduardo Cavaliere oficializa 13 mudan\u00e7as nos primeiros escal\u00f5es da Prefeitura do Rio 64\" srcset=\"https:\/\/temporealrj.com\/wp-content\/uploads\/2026\/03\/WhatsApp-Image-2026-03-30-at-07.08.51-1-1024x496.jpeg 1024w, https:\/\/temporealrj.com\/wp-content\/uploads\/2026\/03\/WhatsApp-Image-2026-03-30-at-07.08.51-1-300x145.jpeg 300w, https:\/\/temporealrj.com\/wp-content\/uploads\/2026\/03\/WhatsApp-Image-2026-03-30-at-07.08.51-1-768x372.jpeg 768w, https:\/\/temporealrj.com\/wp-content\/uploads\/2026\/03\/WhatsApp-Image-2026-03-30-at-07.08.51-1-860x416.jpeg 860w, https:\/\/temporealrj.com\/wp-content\/uploads\/2026\/03\/WhatsApp-Image-2026-03-30-at-07.08.51-1.jpeg 1097w\" sizes=\"auto, (max-width: 1024px) 100vw, 1024px\"\/><\/figure>\n<figure class=\"wp-block-image size-full\"><img loading=\"lazy\" decoding=\"async\" width=\"542\" height=\"426\" src=\"https:\/\/temporealrj.com\/wp-content\/uploads\/2026\/03\/WhatsApp-Image-2026-03-30-at-07.08.51-2.jpeg\" alt=\"WhatsApp Image 2026 03 30 at 07.08.51 2\" class=\"wp-image-126902\" title=\"Reforma do secretariado: Eduardo Cavaliere oficializa 13 mudan\u00e7as nos primeiros escal\u00f5es da Prefeitura do Rio 65\" srcset=\"https:\/\/temporealrj.com\/wp-content\/uploads\/2026\/03\/WhatsApp-Image-2026-03-30-at-07.08.51-2.jpeg 542w, https:\/\/temporealrj.com\/wp-content\/uploads\/2026\/03\/WhatsApp-Image-2026-03-30-at-07.08.51-2-300x236.jpeg 300w\" sizes=\"auto, (max-width: 542px) 100vw, 542px\"\/><\/figure>\n<\/div>\n<p><\/a><\/p>\n<p>Fonte: temporealrj.com<\/p>\n","protected":false},"excerpt":{"rendered":"<p>O prefeito Eduardo Cavaliere (PSD) publicou no Di\u00e1rio Oficial desta segunda-feira (30) as exonera\u00e7\u00f5es de mais de uma dezena de secret\u00e1rios e presidentes de estatais que deixam seus cargos para disputar as elei\u00e7\u00f5es de outubro. Em quase todos os casos, eles foram substitu\u00eddos por t\u00e9cnicos ou quadros internos. Na Educa\u00e7\u00e3o, sai Renan Ferreirinha e entra [&hellip;]<\/p>\n","protected":false},"author":3,"featured_media":8715,"comment_status":"open","ping_status":"open","sticky":false,"template":"","format":"standard","meta":{"advanced_seo_description":"","jetpack_seo_html_title":"","jetpack_seo_noindex":false,"fifu_image_url":"https:\/\/temporealrj.com\/wp-content\/uploads\/2025\/04\/eduardo_.png","fifu_image_alt":"","_jetpack_memberships_contains_paid_content":false,"footnotes":"","jetpack_publicize_message":"","jetpack_publicize_feature_enabled":true,"jetpack_social_post_already_shared":true,"jetpack_social_options":{"image_generator_settings":{"template":"highway","default_image_id":0,"font":"","enabled":false},"version":2}},"categories":[106,1],"tags":[],"class_list":{"0":"post-8714","1":"post","2":"type-post","3":"status-publish","4":"format-standard","5":"has-post-thumbnail","7":"category-politica","8":"category-uncategorized"},"jetpack_publicize_connections":[],"jetpack_featured_media_url":"https:\/\/i0.wp.com\/temporealrj.com\/wp-content\/uploads\/2025\/04\/eduardo_.png?fit=%2C&ssl=1","jetpack_sharing_enabled":true,"jetpack-related-posts":[],"_links":{"self":[{"href":"https:\/\/friburgonoticias.com.br\/temp\/wp-json\/wp\/v2\/posts\/8714","targetHints":{"allow":["GET"]}}],"collection":[{"href":"https:\/\/friburgonoticias.com.br\/temp\/wp-json\/wp\/v2\/posts"}],"about":[{"href":"https:\/\/friburgonoticias.com.br\/temp\/wp-json\/wp\/v2\/types\/post"}],"author":[{"embeddable":true,"href":"https:\/\/friburgonoticias.com.br\/temp\/wp-json\/wp\/v2\/users\/3"}],"replies":[{"embeddable":true,"href":"https:\/\/friburgonoticias.com.br\/temp\/wp-json\/wp\/v2\/comments?post=8714"}],"version-history":[{"count":0,"href":"https:\/\/friburgonoticias.com.br\/temp\/wp-json\/wp\/v2\/posts\/8714\/revisions"}],"wp:featuredmedia":[{"embeddable":true,"href":"https:\/\/friburgonoticias.com.br\/temp\/wp-json\/wp\/v2\/media\/8715"}],"wp:attachment":[{"href":"https:\/\/friburgonoticias.com.br\/temp\/wp-json\/wp\/v2\/media?parent=8714"}],"wp:term":[{"taxonomy":"category","embeddable":true,"href":"https:\/\/friburgonoticias.com.br\/temp\/wp-json\/wp\/v2\/categories?post=8714"},{"taxonomy":"post_tag","embeddable":true,"href":"https:\/\/friburgonoticias.com.br\/temp\/wp-json\/wp\/v2\/tags?post=8714"}],"curies":[{"name":"wp","href":"https:\/\/api.w.org\/{rel}","templated":true}]}}