{"id":8720,"date":"2026-03-30T16:38:59","date_gmt":"2026-03-30T16:38:59","guid":{"rendered":"https:\/\/friburgonoticias.com.br\/temp\/2026\/03\/30\/ex-procurador-geral-de-justica-do-estado-do-rio-luciano-mattos-entra-no-radar-dos-partidos-ate-para-o-senado\/"},"modified":"2026-03-30T16:38:59","modified_gmt":"2026-03-30T16:38:59","slug":"ex-procurador-geral-de-justica-do-estado-do-rio-luciano-mattos-entra-no-radar-dos-partidos-ate-para-o-senado","status":"publish","type":"post","link":"https:\/\/friburgonoticias.com.br\/temp\/2026\/03\/30\/ex-procurador-geral-de-justica-do-estado-do-rio-luciano-mattos-entra-no-radar-dos-partidos-ate-para-o-senado\/","title":{"rendered":"Ex-procurador-geral de Justi\u00e7a do Estado do Rio, Luciano Mattos entra no radar dos partidos at\u00e9 para o Senado"},"content":{"rendered":"<p><\/p>\n<div itemprop=\"articleBody\">\nCurtir a aposentadoria n\u00e3o parece um caminho t\u00e3o natural assim para Luciano Mattos. Ap\u00f3s deixar a fun\u00e7\u00e3o de promotor de <a href=\"https:\/\/temporealrj.com\/justica-superpoderes-casa-civil-claudio-castro\/\">Justi\u00e7a do Estado do Rio<\/a>, com mais de tr\u00eas d\u00e9cadas de <a href=\"https:\/\/temporealrj.com\/mprj-concurso-promotor-2026\/\">atua\u00e7\u00e3o no Minist\u00e9rio P\u00fablico<\/a>, ele tem sido procurado por partidos de olho na pr\u00f3xima elei\u00e7\u00e3o.<\/p>\n<p>O fato de n\u00e3o ser uma figurinha carimbada na pol\u00edtica e o hist\u00f3rico de Mattos t\u00eam sido vistos como atrativos. Entre 2021 e 2024, ele exerceu o cargo de Procurador-Geral de Justi\u00e7a, e personalizou o trabalho do \u00f3rg\u00e3o, principalmente na prote\u00e7\u00e3o do meio ambiente e no fortalecimento das pol\u00edticas de seguran\u00e7a p\u00fablica.<\/p>\n<p>A maioria dos partidos quer incluir Mattos na nominata para deputado federal. Mas houve at\u00e9 quem propusesse uma <a href=\"https:\/\/temporealrj.com\/castro-tce-vaga-brazao\/\">candidatura ao Senado<\/a>.\n<\/div>\n<p><\/a><\/p>\n<p>Fonte: temporealrj.com<\/p>\n","protected":false},"excerpt":{"rendered":"<p>Curtir a aposentadoria n\u00e3o parece um caminho t\u00e3o natural assim para Luciano Mattos. Ap\u00f3s deixar a fun\u00e7\u00e3o de promotor de Justi\u00e7a do Estado do Rio, com mais de tr\u00eas d\u00e9cadas de atua\u00e7\u00e3o no Minist\u00e9rio P\u00fablico, ele tem sido procurado por partidos de olho na pr\u00f3xima elei\u00e7\u00e3o. O fato de n\u00e3o ser uma figurinha carimbada na [&hellip;]<\/p>\n","protected":false},"author":3,"featured_media":8721,"comment_status":"open","ping_status":"open","sticky":false,"template":"","format":"standard","meta":{"advanced_seo_description":"","jetpack_seo_html_title":"","jetpack_seo_noindex":false,"fifu_image_url":"https:\/\/temporealrj.com\/wp-content\/uploads\/2026\/03\/WhatsApp-Image-2026-03-30-at-13.27.42.jpeg","fifu_image_alt":"","_jetpack_memberships_contains_paid_content":false,"footnotes":"","jetpack_publicize_message":"","jetpack_publicize_feature_enabled":true,"jetpack_social_post_already_shared":true,"jetpack_social_options":{"image_generator_settings":{"template":"highway","default_image_id":0,"font":"","enabled":false},"version":2}},"categories":[106,1],"tags":[],"class_list":{"0":"post-8720","1":"post","2":"type-post","3":"status-publish","4":"format-standard","5":"has-post-thumbnail","7":"category-politica","8":"category-uncategorized"},"jetpack_publicize_connections":[],"jetpack_featured_media_url":"https:\/\/i0.wp.com\/temporealrj.com\/wp-content\/uploads\/2026\/03\/WhatsApp-Image-2026-03-30-at-13.27.42.jpeg?fit=%2C&ssl=1","jetpack_sharing_enabled":true,"jetpack-related-posts":[],"_links":{"self":[{"href":"https:\/\/friburgonoticias.com.br\/temp\/wp-json\/wp\/v2\/posts\/8720","targetHints":{"allow":["GET"]}}],"collection":[{"href":"https:\/\/friburgonoticias.com.br\/temp\/wp-json\/wp\/v2\/posts"}],"about":[{"href":"https:\/\/friburgonoticias.com.br\/temp\/wp-json\/wp\/v2\/types\/post"}],"author":[{"embeddable":true,"href":"https:\/\/friburgonoticias.com.br\/temp\/wp-json\/wp\/v2\/users\/3"}],"replies":[{"embeddable":true,"href":"https:\/\/friburgonoticias.com.br\/temp\/wp-json\/wp\/v2\/comments?post=8720"}],"version-history":[{"count":0,"href":"https:\/\/friburgonoticias.com.br\/temp\/wp-json\/wp\/v2\/posts\/8720\/revisions"}],"wp:featuredmedia":[{"embeddable":true,"href":"https:\/\/friburgonoticias.com.br\/temp\/wp-json\/wp\/v2\/media\/8721"}],"wp:attachment":[{"href":"https:\/\/friburgonoticias.com.br\/temp\/wp-json\/wp\/v2\/media?parent=8720"}],"wp:term":[{"taxonomy":"category","embeddable":true,"href":"https:\/\/friburgonoticias.com.br\/temp\/wp-json\/wp\/v2\/categories?post=8720"},{"taxonomy":"post_tag","embeddable":true,"href":"https:\/\/friburgonoticias.com.br\/temp\/wp-json\/wp\/v2\/tags?post=8720"}],"curies":[{"name":"wp","href":"https:\/\/api.w.org\/{rel}","templated":true}]}}