{"id":8728,"date":"2026-03-30T21:07:21","date_gmt":"2026-03-30T21:07:21","guid":{"rendered":"https:\/\/friburgonoticias.com.br\/temp\/2026\/03\/30\/comissao-aprova-incluir-combate-a-violencia-domestica-em-programa-de-saude-de-policiais-noticias\/"},"modified":"2026-03-30T21:07:21","modified_gmt":"2026-03-30T21:07:21","slug":"comissao-aprova-incluir-combate-a-violencia-domestica-em-programa-de-saude-de-policiais-noticias","status":"publish","type":"post","link":"https:\/\/friburgonoticias.com.br\/temp\/2026\/03\/30\/comissao-aprova-incluir-combate-a-violencia-domestica-em-programa-de-saude-de-policiais-noticias\/","title":{"rendered":"Comiss\u00e3o aprova incluir combate \u00e0 viol\u00eancia dom\u00e9stica em programa de sa\u00fade de policiais &#8211; Not\u00edcias"},"content":{"rendered":"<p><\/p>\n<div>\n<p class=\"g-artigo__data-hora\">\n                                            30\/03\/2026 &#8211; 16:50 \u00a0\n                                        <\/p>\n<div id=\"image-container-1259152\" class=\"image-container\" style=\"float: none; margin: 45px 0px; width: 100%;\" data-midia=\"1259152\">\n                <em>Vinicius Loures \/ C\u00e2mara dos Deputados<\/em><\/p>\n<p>                Rog\u00e9ria Santos considerou a medida um avan\u00e7o no combate \u00e0 viol\u00eancia dom\u00e9stica e familiar\n                <\/p><\/div>\n<p>                A Comiss\u00e3o de Previd\u00eancia, Assist\u00eancia Social, Inf\u00e2ncia, Adolesc\u00eancia e Fam\u00edlia da C\u00e2mara dos Deputados aprovou o Projeto de Lei 2615\/24, do deputado Aureo Ribeiro (Solidariedade-RJ), que inclui o enfrentamento \u00e0 viol\u00eancia dom\u00e9stica e familiar entre as diretrizes de programas de aten\u00e7\u00e3o psicossocial e de sa\u00fade no trabalho dos profissionais de seguran\u00e7a p\u00fablica e defesa social.<br \/>\n                O texto altera a <a class=\"linkLegislacao\" href=\"https:\/\/www2.camara.gov.br\/legin\/fed\/lei\/2018\/lei-13675-11-junho-2018-786843-norma-pl.html\">Lei 13.675\/18<\/a>, que criou o programa Pr\u00f3-Vida, voltado \u00e0 preven\u00e7\u00e3o da viol\u00eancia autoprovocada e do suic\u00eddio entre profissionais de seguran\u00e7a p\u00fablica. Com a mudan\u00e7a, o programa passar\u00e1 a produzir tamb\u00e9m diretrizes direcionadas \u00e0 preven\u00e7\u00e3o da viol\u00eancia dom\u00e9stica e familiar.<br \/>\n                Segundo a proposta, o Minist\u00e9rio da Justi\u00e7a e Seguran\u00e7a P\u00fablica divulgar\u00e1, em conjunto com a Rede Nacional de Qualidade de Vida para os Profissionais de Seguran\u00e7a P\u00fablica (Rede Pr\u00f3-Vida), diretrizes de preven\u00e7\u00e3o e de atendimento dos casos de emerg\u00eancia psiqui\u00e1trica que envolvam viol\u00eancia dom\u00e9stica e familiar por parte dos profissionais de seguran\u00e7a p\u00fablica.<br \/>\n                <strong>Atendimento obrigat\u00f3rio<\/strong><br \/>O projeto estabelece que, em casos de viol\u00eancia dom\u00e9stica e familiar constatadas com base na <a class=\"linkLegislacao\" href=\"https:\/\/www2.camara.gov.br\/legin\/fed\/lei\/2006\/lei-11340-7-agosto-2006-545133-norma-pl.html\">Lei Maria da Penha<\/a> ou no <a class=\"linkLegislacao\" href=\"https:\/\/www2.camara.gov.br\/legin\/fed\/lei\/1990\/lei-8069-13-julho-1990-372211-norma-pl.html\">Estatuto da Crian\u00e7a e do Adolescente<\/a>, a participa\u00e7\u00e3o em programas de reeduca\u00e7\u00e3o ser\u00e1 obrigat\u00f3ria. Atualmente, o atendimento no Pr\u00f3-Vida n\u00e3o \u00e9 compuls\u00f3rio.<br \/>\n                A proposta determina ainda o desenvolvimento de programas de preven\u00e7\u00e3o contra a viol\u00eancia dom\u00e9stica e familiar, por meio de atendimento psiqui\u00e1trico, de n\u00facleos terap\u00eauticos de apoio e de divulga\u00e7\u00e3o de informa\u00e7\u00f5es sobre o assunto.<\/p>\n<div id=\"image-container-1259154\" class=\"image-container\" style=\"float: none; margin: 45px 0px; width: 100%;\" data-midia=\"1259154\">\n                <em>Bruno Spada\/C\u00e2mara dos Deputados<\/em><\/p>\n<p>                Aureo Ribeiro destacou que profissionais de seguran\u00e7a p\u00fablica est\u00e3o mais vulner\u00e1veis a transtornos mentais\n                <\/p><\/div>\n<p>                <strong>Vulner\u00e1veis<\/strong><br \/>Na justificativa, Ribeiro destaca que profissionais de seguran\u00e7a p\u00fablica est\u00e3o expostos a situa\u00e7\u00f5es de alto risco e estresse, o que os torna mais vulner\u00e1veis a transtornos mentais. Estudos citados por ele indicam que a preval\u00eancia de transtornos mentais comuns, como depress\u00e3o e ansiedade, \u00e9 significativamente maior entre policiais do que na popula\u00e7\u00e3o em geral.<br \/>\n                &#8220;Viver sob n\u00edveis elevados de estresse pode aumentar significativamente o risco de comportamentos violentos nas rela\u00e7\u00f5es dom\u00e9sticas e familiares&#8221;, afirmou.<br \/>\n                Para a relatora, deputada Rog\u00e9ria Santos (Republicanos-BA), o projeto inova ao incluir o enfrentamento \u00e0 viol\u00eancia dom\u00e9stica e familiar entre as diretrizes dos programas de aten\u00e7\u00e3o psicossocial e de sa\u00fade no trabalho voltados aos profissionais da seguran\u00e7a p\u00fablica.<br \/>\n                &#8220;A proposta promove um avan\u00e7o institucional ao reconhecer de forma ampla que a viol\u00eancia dom\u00e9stica deve ser tema dos programas de aten\u00e7\u00e3o psicossocial e de sa\u00fade no trabalho dos profissionais de seguran\u00e7a p\u00fablica e defesa social&#8221;, disse.<br \/>\n                <strong>Pr\u00f3ximos passos<\/strong><br \/>A proposta ainda ser\u00e1 analisada, em <span id=\"4322\" class=\"termoGlossario\" title=\"Rito de tramita\u00e7\u00e3o pelo qual o projeto \u00e9 votado apenas pelas comiss\u00f5es designadas para analis\u00e1-lo, dispensada a delibera\u00e7\u00e3o do Plen\u00e1rio. O projeto perde o car\u00e1ter conclusivo se houver decis\u00e3o divergente entre as comiss\u00f5es ou se, independentemente de ser aprovado ou rejeitado, houver recurso assinado por 52 deputados para a aprecia\u00e7\u00e3o da mat\u00e9ria no Plen\u00e1rio.\" contenteditable=\"false\" data-toggle=\"tooltip\" data-placement=\"top\">car\u00e1ter conclusivo<\/span>, pelas comiss\u00f5es de Seguran\u00e7a P\u00fablica e Combate ao Crime Organizado; e de Constitui\u00e7\u00e3o e Justi\u00e7a e de Cidadania. Para virar lei, precisa se aprovada por C\u00e2mara e Senado.<br \/>\n                <a href=\"https:\/\/www.camara.leg.br\/noticias\/606437-conheca-a-tramitacao-de-projetos-de-decreto-legislativo\/\">Saiba mais sobre a tramita\u00e7\u00e3o de projetos de lei<\/a><\/p>\n<p style=\"font-size: 0.8rem; font-weight: 700;\">Reportagem &#8211; Tiago Miranda<br \/>Edi\u00e7\u00e3o &#8211; Ge\u00f3rgia Moraes<\/p>\n<\/p><\/div>\n<p><\/a><\/p>\n<p>Fonte: www.camara.leg.br<\/p>\n","protected":false},"excerpt":{"rendered":"<p>30\/03\/2026 &#8211; 16:50 \u00a0 Vinicius Loures \/ C\u00e2mara dos Deputados Rog\u00e9ria Santos considerou a medida um avan\u00e7o no combate \u00e0 viol\u00eancia dom\u00e9stica e familiar A Comiss\u00e3o de Previd\u00eancia, Assist\u00eancia Social, Inf\u00e2ncia, Adolesc\u00eancia e Fam\u00edlia da C\u00e2mara dos Deputados aprovou o Projeto de Lei 2615\/24, do deputado Aureo Ribeiro (Solidariedade-RJ), que inclui o enfrentamento \u00e0 viol\u00eancia [&hellip;]<\/p>\n","protected":false},"author":3,"featured_media":8729,"comment_status":"open","ping_status":"open","sticky":false,"template":"","format":"standard","meta":{"advanced_seo_description":"","jetpack_seo_html_title":"","jetpack_seo_noindex":false,"fifu_image_url":"https:\/\/www.camara.leg.br\/midias\/image\/2026\/03\/img20251216120359684-2-768x473.jpg","fifu_image_alt":"","_jetpack_memberships_contains_paid_content":false,"footnotes":"","jetpack_publicize_message":"","jetpack_publicize_feature_enabled":true,"jetpack_social_post_already_shared":true,"jetpack_social_options":{"image_generator_settings":{"template":"highway","default_image_id":0,"font":"","enabled":false},"version":2}},"categories":[106,1],"tags":[],"class_list":{"0":"post-8728","1":"post","2":"type-post","3":"status-publish","4":"format-standard","5":"has-post-thumbnail","7":"category-politica","8":"category-uncategorized"},"jetpack_publicize_connections":[],"jetpack_featured_media_url":"https:\/\/i0.wp.com\/www.camara.leg.br\/midias\/image\/2026\/03\/img20251216120359684-2-768x473.jpg?fit=%2C&ssl=1","jetpack_sharing_enabled":true,"jetpack-related-posts":[],"_links":{"self":[{"href":"https:\/\/friburgonoticias.com.br\/temp\/wp-json\/wp\/v2\/posts\/8728","targetHints":{"allow":["GET"]}}],"collection":[{"href":"https:\/\/friburgonoticias.com.br\/temp\/wp-json\/wp\/v2\/posts"}],"about":[{"href":"https:\/\/friburgonoticias.com.br\/temp\/wp-json\/wp\/v2\/types\/post"}],"author":[{"embeddable":true,"href":"https:\/\/friburgonoticias.com.br\/temp\/wp-json\/wp\/v2\/users\/3"}],"replies":[{"embeddable":true,"href":"https:\/\/friburgonoticias.com.br\/temp\/wp-json\/wp\/v2\/comments?post=8728"}],"version-history":[{"count":0,"href":"https:\/\/friburgonoticias.com.br\/temp\/wp-json\/wp\/v2\/posts\/8728\/revisions"}],"wp:featuredmedia":[{"embeddable":true,"href":"https:\/\/friburgonoticias.com.br\/temp\/wp-json\/wp\/v2\/media\/8729"}],"wp:attachment":[{"href":"https:\/\/friburgonoticias.com.br\/temp\/wp-json\/wp\/v2\/media?parent=8728"}],"wp:term":[{"taxonomy":"category","embeddable":true,"href":"https:\/\/friburgonoticias.com.br\/temp\/wp-json\/wp\/v2\/categories?post=8728"},{"taxonomy":"post_tag","embeddable":true,"href":"https:\/\/friburgonoticias.com.br\/temp\/wp-json\/wp\/v2\/tags?post=8728"}],"curies":[{"name":"wp","href":"https:\/\/api.w.org\/{rel}","templated":true}]}}