{"id":8750,"date":"2026-03-31T16:02:37","date_gmt":"2026-03-31T16:02:37","guid":{"rendered":"https:\/\/friburgonoticias.com.br\/temp\/2026\/03\/31\/marcelo-freixo-deixa-a-embratur-para-se-candidatar-a-deputado-federal-pelo-rio\/"},"modified":"2026-03-31T16:02:37","modified_gmt":"2026-03-31T16:02:37","slug":"marcelo-freixo-deixa-a-embratur-para-se-candidatar-a-deputado-federal-pelo-rio","status":"publish","type":"post","link":"https:\/\/friburgonoticias.com.br\/temp\/2026\/03\/31\/marcelo-freixo-deixa-a-embratur-para-se-candidatar-a-deputado-federal-pelo-rio\/","title":{"rendered":"Marcelo Freixo deixa a Embratur para se candidatar a deputado federal pelo Rio"},"content":{"rendered":"<p><\/p>\n<div itemprop=\"articleBody\">\nO presidente da <a href=\"https:\/\/temporealrj.com\/embratur-lanca-serie-sobre-favelas-do-rio-na-maior-feira-de-turismo-de-lisboa\/\">Embratur<\/a>, Marcelo Freixo (PT), deixou o cargo nesta ter\u00e7a-feira (31) para focar na pr\u00e9-campanha para deputado federal pelo Rio. \u00c0 frente do \u00f3rg\u00e3o desde 2023, ele deixa a ag\u00eancia de promo\u00e7\u00e3o ao turismo com n\u00fameros recordes: o Brasil, que nunca havia ultrapassado a marca dos 6 milh\u00f5es de turistas internacionais, recebeu, em 2025, 9,3 milh\u00f5es de estrangeiros, respons\u00e1veis pela movimenta\u00e7\u00e3o de mais de 8 bilh\u00f5es de d\u00f3lares.<\/p>\n<p>O agora ex-presidente da Embratur segue para outra miss\u00e3o, tamb\u00e9m \u201cencomendada\u201d pelo presidente Lula (PT): retornar \u00e0 C\u00e2mara dos Deputados, agora pelo PT. Sua \u00faltima passagem por l\u00e1 terminou em 2022. A ideia da dire\u00e7\u00e3o nacional do PT \u00e9 ter <a href=\"https:\/\/temporealrj.com\/elika-freixo-tce-recomposicao-servidores\/\">Freixo<\/a> como um dos puxadores de legenda nas elei\u00e7\u00f5es de outubro. No Rio, ele deve ser o principal candidato do partido \u00e0 cadeira federal.<\/p>\n<p>Antes disso, Freixo foi deputado estadual aqui no Rio por tr\u00eas mandatos, entre 2007 e 2018, \u00e0 \u00e9poca pelo PSOL. No Legislativo fluminense, presidiu a CPI das Mil\u00edcias, que levou \u00e0 pris\u00e3o mais de 240 pessoas acusadas de liga\u00e7\u00e3o com o crime organizado. Se candidatou a prefeito no Rio, em 2022 e 2016, e a governador, em 2022, mas ficou no segundo lugar entre os candidatos nos tr\u00eas pleitos.\n<\/p><\/div>\n<p><\/a><\/p>\n<p>Fonte: temporealrj.com<\/p>\n","protected":false},"excerpt":{"rendered":"<p>O presidente da Embratur, Marcelo Freixo (PT), deixou o cargo nesta ter\u00e7a-feira (31) para focar na pr\u00e9-campanha para deputado federal pelo Rio. \u00c0 frente do \u00f3rg\u00e3o desde 2023, ele deixa a ag\u00eancia de promo\u00e7\u00e3o ao turismo com n\u00fameros recordes: o Brasil, que nunca havia ultrapassado a marca dos 6 milh\u00f5es de turistas internacionais, recebeu, em [&hellip;]<\/p>\n","protected":false},"author":3,"featured_media":8751,"comment_status":"open","ping_status":"open","sticky":false,"template":"","format":"standard","meta":{"advanced_seo_description":"","jetpack_seo_html_title":"","jetpack_seo_noindex":false,"fifu_image_url":"https:\/\/temporealrj.com\/wp-content\/uploads\/2026\/03\/55179108305_88e32a2687_k-e1774962025101.jpg","fifu_image_alt":"","_jetpack_memberships_contains_paid_content":false,"footnotes":"","jetpack_publicize_message":"","jetpack_publicize_feature_enabled":true,"jetpack_social_post_already_shared":true,"jetpack_social_options":{"image_generator_settings":{"template":"highway","default_image_id":0,"font":"","enabled":false},"version":2}},"categories":[107],"tags":[],"class_list":{"0":"post-8750","1":"post","2":"type-post","3":"status-publish","4":"format-standard","5":"has-post-thumbnail","7":"category-economia"},"jetpack_publicize_connections":[],"jetpack_featured_media_url":"https:\/\/i0.wp.com\/temporealrj.com\/wp-content\/uploads\/2026\/03\/55179108305_88e32a2687_k-e1774962025101.jpg?fit=%2C&ssl=1","jetpack_sharing_enabled":true,"jetpack-related-posts":[],"_links":{"self":[{"href":"https:\/\/friburgonoticias.com.br\/temp\/wp-json\/wp\/v2\/posts\/8750","targetHints":{"allow":["GET"]}}],"collection":[{"href":"https:\/\/friburgonoticias.com.br\/temp\/wp-json\/wp\/v2\/posts"}],"about":[{"href":"https:\/\/friburgonoticias.com.br\/temp\/wp-json\/wp\/v2\/types\/post"}],"author":[{"embeddable":true,"href":"https:\/\/friburgonoticias.com.br\/temp\/wp-json\/wp\/v2\/users\/3"}],"replies":[{"embeddable":true,"href":"https:\/\/friburgonoticias.com.br\/temp\/wp-json\/wp\/v2\/comments?post=8750"}],"version-history":[{"count":0,"href":"https:\/\/friburgonoticias.com.br\/temp\/wp-json\/wp\/v2\/posts\/8750\/revisions"}],"wp:featuredmedia":[{"embeddable":true,"href":"https:\/\/friburgonoticias.com.br\/temp\/wp-json\/wp\/v2\/media\/8751"}],"wp:attachment":[{"href":"https:\/\/friburgonoticias.com.br\/temp\/wp-json\/wp\/v2\/media?parent=8750"}],"wp:term":[{"taxonomy":"category","embeddable":true,"href":"https:\/\/friburgonoticias.com.br\/temp\/wp-json\/wp\/v2\/categories?post=8750"},{"taxonomy":"post_tag","embeddable":true,"href":"https:\/\/friburgonoticias.com.br\/temp\/wp-json\/wp\/v2\/tags?post=8750"}],"curies":[{"name":"wp","href":"https:\/\/api.w.org\/{rel}","templated":true}]}}