{"id":8756,"date":"2026-03-31T16:47:42","date_gmt":"2026-03-31T16:47:42","guid":{"rendered":"https:\/\/friburgonoticias.com.br\/temp\/2026\/03\/31\/decisao-do-tre-abre-caminho-para-recontagem-de-votos-em-queimados-dc-pode-perder-unica-vaga-na-camara\/"},"modified":"2026-03-31T16:47:42","modified_gmt":"2026-03-31T16:47:42","slug":"decisao-do-tre-abre-caminho-para-recontagem-de-votos-em-queimados-dc-pode-perder-unica-vaga-na-camara","status":"publish","type":"post","link":"https:\/\/friburgonoticias.com.br\/temp\/2026\/03\/31\/decisao-do-tre-abre-caminho-para-recontagem-de-votos-em-queimados-dc-pode-perder-unica-vaga-na-camara\/","title":{"rendered":"Decis\u00e3o do TRE abre caminho para recontagem de votos em Queimados; DC pode perder \u00fanica vaga na C\u00e2mara"},"content":{"rendered":"<p><\/p>\n<div itemprop=\"articleBody\">\nUma decis\u00e3o do Tribunal Regional Eleitoral do Rio (TRE-RJ) pode provocar mudan\u00e7as na composi\u00e7\u00e3o da C\u00e2mara Municipal de Queimados. Cleiverson Chagas (DC), ex-candidato a vereador que assumiu a Secretaria Municipal de Assuntos Institucionais e Estrat\u00e9gicos, foi condenado por abuso de poder pol\u00edtico e econ\u00f4mico nas elei\u00e7\u00f5es de 2024.<\/p>\n<p>Com isso, ele pode ter anulados os mais de 800 votos que recebeu.<\/p>\n<p>Se a decis\u00e3o for confirmada, ser\u00e1 feita uma nova totaliza\u00e7\u00e3o para recalcular o quociente eleitoral \u2014 que define quantas cadeiras cada partido ocupa.<\/p>\n<p>Sem os votos de Cleiverson, o Democracia Crist\u00e3 pode n\u00e3o atingir o m\u00ednimo necess\u00e1rio e perder a vaga conquistada pelo vereador Jackson Aben\u00e7oado.<\/p>\n<p>Al\u00e9m dos efeitos eleitorais, a condena\u00e7\u00e3o tamb\u00e9m pode comprometer a perman\u00eancia de Cleiverson no cargo de secret\u00e1rio, com possibilidade de afastamento da fun\u00e7\u00e3o p\u00fablica.<\/p>\n<p>A a\u00e7\u00e3o foi movida pela vereadora Cintia Batista (Avante), que \u00e9 opositora do <a href=\"https:\/\/temporealrj.com\/tce-reprova-contas-de-glauco-kaizer-em-queimados-e-prefeito-pode-ficar-inelegivel\/\">prefeito de Queimados Glauco Kaizer<\/a> (Uni\u00e3o).\n<\/div>\n<p><\/a><\/p>\n<p>Fonte: temporealrj.com<\/p>\n","protected":false},"excerpt":{"rendered":"<p>Uma decis\u00e3o do Tribunal Regional Eleitoral do Rio (TRE-RJ) pode provocar mudan\u00e7as na composi\u00e7\u00e3o da C\u00e2mara Municipal de Queimados. Cleiverson Chagas (DC), ex-candidato a vereador que assumiu a Secretaria Municipal de Assuntos Institucionais e Estrat\u00e9gicos, foi condenado por abuso de poder pol\u00edtico e econ\u00f4mico nas elei\u00e7\u00f5es de 2024. Com isso, ele pode ter anulados os [&hellip;]<\/p>\n","protected":false},"author":3,"featured_media":8757,"comment_status":"open","ping_status":"open","sticky":false,"template":"","format":"standard","meta":{"advanced_seo_description":"","jetpack_seo_html_title":"","jetpack_seo_noindex":false,"fifu_image_url":"https:\/\/temporealrj.com\/wp-content\/uploads\/2026\/03\/WhatsApp-Image-2026-03-31-at-12.54.21-e1774972858539.jpeg","fifu_image_alt":"","_jetpack_memberships_contains_paid_content":false,"footnotes":"","jetpack_publicize_message":"","jetpack_publicize_feature_enabled":true,"jetpack_social_post_already_shared":true,"jetpack_social_options":{"image_generator_settings":{"template":"highway","default_image_id":0,"font":"","enabled":false},"version":2}},"categories":[107],"tags":[],"class_list":{"0":"post-8756","1":"post","2":"type-post","3":"status-publish","4":"format-standard","5":"has-post-thumbnail","7":"category-economia"},"jetpack_publicize_connections":[],"jetpack_featured_media_url":"https:\/\/i0.wp.com\/temporealrj.com\/wp-content\/uploads\/2026\/03\/WhatsApp-Image-2026-03-31-at-12.54.21-e1774972858539.jpeg?fit=%2C&ssl=1","jetpack_sharing_enabled":true,"jetpack-related-posts":[],"_links":{"self":[{"href":"https:\/\/friburgonoticias.com.br\/temp\/wp-json\/wp\/v2\/posts\/8756","targetHints":{"allow":["GET"]}}],"collection":[{"href":"https:\/\/friburgonoticias.com.br\/temp\/wp-json\/wp\/v2\/posts"}],"about":[{"href":"https:\/\/friburgonoticias.com.br\/temp\/wp-json\/wp\/v2\/types\/post"}],"author":[{"embeddable":true,"href":"https:\/\/friburgonoticias.com.br\/temp\/wp-json\/wp\/v2\/users\/3"}],"replies":[{"embeddable":true,"href":"https:\/\/friburgonoticias.com.br\/temp\/wp-json\/wp\/v2\/comments?post=8756"}],"version-history":[{"count":0,"href":"https:\/\/friburgonoticias.com.br\/temp\/wp-json\/wp\/v2\/posts\/8756\/revisions"}],"wp:featuredmedia":[{"embeddable":true,"href":"https:\/\/friburgonoticias.com.br\/temp\/wp-json\/wp\/v2\/media\/8757"}],"wp:attachment":[{"href":"https:\/\/friburgonoticias.com.br\/temp\/wp-json\/wp\/v2\/media?parent=8756"}],"wp:term":[{"taxonomy":"category","embeddable":true,"href":"https:\/\/friburgonoticias.com.br\/temp\/wp-json\/wp\/v2\/categories?post=8756"},{"taxonomy":"post_tag","embeddable":true,"href":"https:\/\/friburgonoticias.com.br\/temp\/wp-json\/wp\/v2\/tags?post=8756"}],"curies":[{"name":"wp","href":"https:\/\/api.w.org\/{rel}","templated":true}]}}