{"id":8794,"date":"2026-04-01T11:35:47","date_gmt":"2026-04-01T11:35:47","guid":{"rendered":"https:\/\/friburgonoticias.com.br\/temp\/2026\/04\/01\/mesmo-apos-retotalizacao-eleicao-do-novo-presidente-da-casa-so-pode-acontecer-apos-14-de-abril\/"},"modified":"2026-04-01T11:35:47","modified_gmt":"2026-04-01T11:35:47","slug":"mesmo-apos-retotalizacao-eleicao-do-novo-presidente-da-casa-so-pode-acontecer-apos-14-de-abril","status":"publish","type":"post","link":"https:\/\/friburgonoticias.com.br\/temp\/2026\/04\/01\/mesmo-apos-retotalizacao-eleicao-do-novo-presidente-da-casa-so-pode-acontecer-apos-14-de-abril\/","title":{"rendered":"mesmo ap\u00f3s retotaliza\u00e7\u00e3o, elei\u00e7\u00e3o do novo presidente da Casa s\u00f3 pode acontecer ap\u00f3s 14 de abril"},"content":{"rendered":"<p><\/p>\n<div itemprop=\"articleBody\">\n<a href=\"https:\/\/temporealrj.com\/tjrj-anula-sessao-relampago-que-elegeu-douglas-ruas-para-presidente-da-alerj\/\">Depois de tentar eleger um novo presidente antes da recontagem dos votos<\/a>, a Assembleia Legislativa do Rio vai ter que esperar ainda um pouco mais para definir sua nova Mesa Diretora. Mesmo ap\u00f3s a retotaliza\u00e7\u00e3o, <a href=\"https:\/\/temporealrj.com\/tre-reconta-votos-bacellar-carlos-augusto\/\">realizada nesta ter\u00e7a (31)<\/a>, o Legislativo s\u00f3 poder\u00e1 votar o novo \u201cchefe\u201d da Casa depois do dia 14 de abril.<\/p>\n<p>A demora acontece para respeitar prazos legais previstos pelo Tribunal Regional Eleitoral (TRE-RJ). Apesar de j\u00e1 ter recontado os votos, o Tribunal ainda precisa homologar a decis\u00e3o. Para isso, a Corte precisa publicar o resultado no Di\u00e1rio da Justi\u00e7a Eleitoral \u2014 o que est\u00e1 previsto acontecer na pr\u00f3xima semana \u2014 e, a partir de ent\u00e3o, abrir um prazo de cinco dias para poss\u00edveis contesta\u00e7\u00f5es da Alerj.<\/p>\n<p>\u00c9 s\u00f3 ap\u00f3s esse processo que o TRE-RJ homologa a retotaliza\u00e7\u00e3o e, assim, oficializa a composi\u00e7\u00e3o da Casa. A previs\u00e3o \u00e9 de que isso aconte\u00e7a no dia 14.<\/p>\n<h2 class=\"wp-block-heading\">Delegado Carlos Augusto assumiu cadeira de Bacellar na Alerj<\/h2>\n<p>A retotaliza\u00e7\u00e3o terminou com o Delegado Carlos Augusto (PL) assumindo a cadeira vaga na Alerj, <a href=\"https:\/\/temporealrj.com\/carmen-lucia-tse-cassar-bacellar-alerj\/\">deixada pelo ex-presidente da Casa, Rodrigo Bacellar (Uni\u00e3o), ap\u00f3s sua cassa\u00e7\u00e3o<\/a>. Carlos Augusto j\u00e1 estava no Legislativo como suplente de Dr. Serginho (PL), que deixou o cargo de deputado para assumir a Prefeitura de Cabo Frio.<\/p>\n<p>Por sua vez, a cadeira de suplente ocupada pelo delegado foi para Renan Jordy (PL). A nova contagem n\u00e3o mudou a distribui\u00e7\u00e3o de cadeiras entre partidos na Alerj; o PL, que era a sigla de Bacellar quando foi eleito, seguiu com o mesmo n\u00famero de deputados.\n<\/p><\/div>\n<p><\/a><\/p>\n<p>Fonte: temporealrj.com<\/p>\n","protected":false},"excerpt":{"rendered":"<p>Depois de tentar eleger um novo presidente antes da recontagem dos votos, a Assembleia Legislativa do Rio vai ter que esperar ainda um pouco mais para definir sua nova Mesa Diretora. Mesmo ap\u00f3s a retotaliza\u00e7\u00e3o, realizada nesta ter\u00e7a (31), o Legislativo s\u00f3 poder\u00e1 votar o novo \u201cchefe\u201d da Casa depois do dia 14 de abril. [&hellip;]<\/p>\n","protected":false},"author":3,"featured_media":8795,"comment_status":"open","ping_status":"open","sticky":false,"template":"","format":"standard","meta":{"advanced_seo_description":"","jetpack_seo_html_title":"","jetpack_seo_noindex":false,"fifu_image_url":"https:\/\/temporealrj.com\/wp-content\/uploads\/2026\/04\/Alerj-Mesa-Diretora-e1775041114780.jpg","fifu_image_alt":"","_jetpack_memberships_contains_paid_content":false,"footnotes":"","jetpack_publicize_message":"","jetpack_publicize_feature_enabled":true,"jetpack_social_post_already_shared":true,"jetpack_social_options":{"image_generator_settings":{"template":"highway","default_image_id":0,"font":"","enabled":false},"version":2}},"categories":[107],"tags":[],"class_list":{"0":"post-8794","1":"post","2":"type-post","3":"status-publish","4":"format-standard","5":"has-post-thumbnail","7":"category-economia"},"jetpack_publicize_connections":[],"jetpack_featured_media_url":"https:\/\/i0.wp.com\/temporealrj.com\/wp-content\/uploads\/2026\/04\/Alerj-Mesa-Diretora-e1775041114780.jpg?fit=%2C&ssl=1","jetpack_sharing_enabled":true,"jetpack-related-posts":[],"_links":{"self":[{"href":"https:\/\/friburgonoticias.com.br\/temp\/wp-json\/wp\/v2\/posts\/8794","targetHints":{"allow":["GET"]}}],"collection":[{"href":"https:\/\/friburgonoticias.com.br\/temp\/wp-json\/wp\/v2\/posts"}],"about":[{"href":"https:\/\/friburgonoticias.com.br\/temp\/wp-json\/wp\/v2\/types\/post"}],"author":[{"embeddable":true,"href":"https:\/\/friburgonoticias.com.br\/temp\/wp-json\/wp\/v2\/users\/3"}],"replies":[{"embeddable":true,"href":"https:\/\/friburgonoticias.com.br\/temp\/wp-json\/wp\/v2\/comments?post=8794"}],"version-history":[{"count":0,"href":"https:\/\/friburgonoticias.com.br\/temp\/wp-json\/wp\/v2\/posts\/8794\/revisions"}],"wp:featuredmedia":[{"embeddable":true,"href":"https:\/\/friburgonoticias.com.br\/temp\/wp-json\/wp\/v2\/media\/8795"}],"wp:attachment":[{"href":"https:\/\/friburgonoticias.com.br\/temp\/wp-json\/wp\/v2\/media?parent=8794"}],"wp:term":[{"taxonomy":"category","embeddable":true,"href":"https:\/\/friburgonoticias.com.br\/temp\/wp-json\/wp\/v2\/categories?post=8794"},{"taxonomy":"post_tag","embeddable":true,"href":"https:\/\/friburgonoticias.com.br\/temp\/wp-json\/wp\/v2\/tags?post=8794"}],"curies":[{"name":"wp","href":"https:\/\/api.w.org\/{rel}","templated":true}]}}