{"id":8804,"date":"2026-04-01T16:44:48","date_gmt":"2026-04-01T16:44:48","guid":{"rendered":"https:\/\/friburgonoticias.com.br\/temp\/2026\/04\/01\/lei-amplia-licenca-paternidade-para-20-dias-e-cria-salario-paternidade-noticias\/"},"modified":"2026-04-01T16:44:48","modified_gmt":"2026-04-01T16:44:48","slug":"lei-amplia-licenca-paternidade-para-20-dias-e-cria-salario-paternidade-noticias","status":"publish","type":"post","link":"https:\/\/friburgonoticias.com.br\/temp\/2026\/04\/01\/lei-amplia-licenca-paternidade-para-20-dias-e-cria-salario-paternidade-noticias\/","title":{"rendered":"Lei amplia licen\u00e7a-paternidade para 20 dias e cria sal\u00e1rio-paternidade &#8211; Not\u00edcias"},"content":{"rendered":"<p><\/p>\n<div>\n<p class=\"g-artigo__data-hora\">\n                                            01\/04\/2026 &#8211; 10:51 \u00a0\n                                        <\/p>\n<div id=\"image-container-1259740\" class=\"image-container\" style=\"float: none; margin: 45px 0px; width: 100%;\" data-midia=\"1259740\">\n                <em>Ricardo Stuckert \/ PR<\/em><\/p>\n<p>                Cerim\u00f4nia de san\u00e7\u00e3o da lei que amplia a licen\u00e7a-paternidade, no Pal\u00e1cio do Planalto\n                <\/p><\/div>\n<p>                O presidente da Rep\u00fablica, Luiz In\u00e1cio Lula da Silva, sancionou a <a class=\"linkLegislacao\" href=\"https:\/\/www2.camara.gov.br\/legin\/fed\/lei\/2026\/lei-15371-31-marco-2026-798908-norma-pl.html\">Lei 15.371\/26<\/a>, que amplia de 5 para 20 dias a licen\u00e7a-paternidade. O objetivo \u00e9 fortalecer a presen\u00e7a dos pais nos primeiros dias de vida dos filhos e promover a corresponsabilidade no cuidado com a crian\u00e7a.<br \/>\n                A legisla\u00e7\u00e3o tamb\u00e9m cria o sal\u00e1rio-paternidade \u2014 benef\u00edcio que garante renda durante o afastamento e amplia a prote\u00e7\u00e3o social para al\u00e9m dos trabalhadores com carteira assinada.<br \/>\n                O texto foi publicado no Di\u00e1rio Oficial da Uni\u00e3o desta quarta-feira (1\u00ba).<br \/>\n                A norma tem origem no <a href=\"https:\/\/www.camara.leg.br\/noticias\/1219148-CAMARA-APROVA-PROJETO-QUE-AUMENTA-GRADUALMENTE-PARA-20-DIAS-A-LICENCA-PATERNIDADE\">Projeto de Lei 3935\/08<\/a>, de autoria do Senado, aprovado pelos deputados e pelos senadores.<br \/>\n                <strong>Avan\u00e7o para as fam\u00edlias<\/strong><br \/>Na C\u00e2mara, o texto foi relatado pelo deputado Pedro Campos (PSB-PE).\u00a0\u201cPor muito tempo, o cuidado com os filhos foi tratado como responsabilidade quase exclusiva das mulheres. Agora, o Brasil reconhece que o cuidado deve ser compartilhado. \u00c9 um avan\u00e7o para as fam\u00edlias e para o pa\u00eds\u201d, afirmou o relator.<br \/>\n                A lei regulamenta um direito previsto na Constitui\u00e7\u00e3o de 1988 e amplia sua abrang\u00eancia.<br \/>\n                Microempreendedores individuais (MEIs), trabalhadores dom\u00e9sticos, avulsos e segurados especiais tamb\u00e9m passam a ter acesso \u00e0 licen\u00e7a e ao novo benef\u00edcio previdenci\u00e1rio.<br \/>\n                \u00a0<\/p>\n<div id=\"video-container-1259938\" class=\"embed-responsive embed-responsive-16by9\" style=\"margin-bottom: 18px;\" data-youtube-id=\"EPvmtS3bERY\">\n                <em>YouTube<\/em><br \/>\n                <iframe loading=\"lazy\" title=\"Lei amplia licen\u00e7a-paternidade para 20 dias e cria sal\u00e1rio-paternidade - 01\/04\/2026\" width=\"1170\" height=\"658\" src=\"https:\/\/www.youtube.com\/embed\/EPvmtS3bERY?feature=oembed\" frameborder=\"0\" allow=\"accelerometer; autoplay; clipboard-write; encrypted-media; gyroscope; picture-in-picture; web-share\" referrerpolicy=\"strict-origin-when-cross-origin\" allowfullscreen><\/iframe><\/p><\/div>\n<p>                \u00a0<br \/>\n                <strong>Amplia\u00e7\u00e3o gradual<br \/><\/strong>A amplia\u00e7\u00e3o da licen\u00e7a-paternidade ser\u00e1 implementada de forma gradual, com aumento progressivo do per\u00edodo de afastamento:<\/p>\n<ul>\n<li>10 dias a partir de 2027;<\/li>\n<li>15 dias a partir de 2028; e<\/li>\n<li>20 dias a partir de 2029.<\/li>\n<\/ul>\n<p>                O afastamento ser\u00e1 garantido em casos de nascimento, ado\u00e7\u00e3o ou guarda para fins de ado\u00e7\u00e3o, sem preju\u00edzo do emprego e do sal\u00e1rio.<br \/>\n                <strong>Equipara\u00e7\u00e3o<br \/><\/strong>A lei equipara a licen\u00e7a-paternidade \u00e0 licen\u00e7a-maternidade como direito social e assegura estabilidade no emprego entre o in\u00edcio da licen\u00e7a at\u00e9 um m\u00eas ap\u00f3s o t\u00e9rmino do benef\u00edcio.<br \/>\n                Tamb\u00e9m prev\u00ea prorroga\u00e7\u00e3o em caso de interna\u00e7\u00e3o da m\u00e3e ou do beb\u00ea e amplia\u00e7\u00e3o do afastamento quando o pai assume integralmente os cuidados.<br \/>\n                A legisla\u00e7\u00e3o garante ainda o direito a pais adotantes e respons\u00e1veis legais \u2014 em ado\u00e7\u00e3o unilateral ou conjunta, aus\u00eancia materna no registro ou falecimento de um dos genitores \u2014 e amplia em um ter\u00e7o o per\u00edodo da licen\u00e7a em casos de crian\u00e7as com defici\u00eancia.<br \/>\n                <strong>Sal\u00e1rio-paternidade<br \/><\/strong>No campo da prote\u00e7\u00e3o social, a lei cria o sal\u00e1rio-paternidade no Regime Geral de Previd\u00eancia Social (RGPS), assegurando renda durante o per\u00edodo de afastamento tamb\u00e9m para trabalhadores fora do regime formal.<br \/>\n                O benef\u00edcio poder\u00e1 ser pago diretamente pelo INSS ou pela empresa, com compensa\u00e7\u00e3o, em moldes semelhantes ao sal\u00e1rio-maternidade.<br \/>\n                O valor varia conforme o perfil do trabalhador:<\/p>\n<ul>\n<li>integral para empregados;<\/li>\n<li>baseado na contribui\u00e7\u00e3o para aut\u00f4nomos e MEIs; e<\/li>\n<li>equivalente ao sal\u00e1rio m\u00ednimo para segurados especiais.<\/li>\n<\/ul>\n<p>                \u00a0<br \/>\n                <iframe class=\"infografico-container\" style=\"width: 100%; height: 100%;\" src=\"https:\/\/www.camara.leg.br\/internet\/agencia\/infograficos-html5\/aumento-gradual-licenca-paternidade\/index.html\" frameborder=\"0\" data-mce-fragment=\"1\"><\/iframe><br \/>\n                \u00a0<br \/>\n                \u00a0<\/p>\n<p style=\"font-size: 0.8rem; font-weight: 700;\">Da Reportagem\/NN<br \/>Com informa\u00e7\u00f5es da Presid\u00eancia da Rep\u00fablica<br \/>Edi\u00e7\u00e3o &#8211; Ge\u00f3rgia Moraes<\/p>\n<\/p><\/div>\n<p><\/a><\/p>\n<p>Fonte: www.camara.leg.br<\/p>\n","protected":false},"excerpt":{"rendered":"<p>01\/04\/2026 &#8211; 10:51 \u00a0 Ricardo Stuckert \/ PR Cerim\u00f4nia de san\u00e7\u00e3o da lei que amplia a licen\u00e7a-paternidade, no Pal\u00e1cio do Planalto O presidente da Rep\u00fablica, Luiz In\u00e1cio Lula da Silva, sancionou a Lei 15.371\/26, que amplia de 5 para 20 dias a licen\u00e7a-paternidade. O objetivo \u00e9 fortalecer a presen\u00e7a dos pais nos primeiros dias de [&hellip;]<\/p>\n","protected":false},"author":3,"featured_media":8805,"comment_status":"open","ping_status":"open","sticky":false,"template":"","format":"standard","meta":{"advanced_seo_description":"","jetpack_seo_html_title":"","jetpack_seo_noindex":false,"fifu_image_url":"https:\/\/www.camara.leg.br\/midias\/image\/2026\/04\/55180934733-2e522306ef-o-768x432.jpg","fifu_image_alt":"","_jetpack_memberships_contains_paid_content":false,"footnotes":"","jetpack_publicize_message":"","jetpack_publicize_feature_enabled":true,"jetpack_social_post_already_shared":true,"jetpack_social_options":{"image_generator_settings":{"template":"highway","default_image_id":0,"font":"","enabled":false},"version":2}},"categories":[106,1],"tags":[],"class_list":{"0":"post-8804","1":"post","2":"type-post","3":"status-publish","4":"format-standard","5":"has-post-thumbnail","7":"category-politica","8":"category-uncategorized"},"jetpack_publicize_connections":[],"jetpack_featured_media_url":"https:\/\/i0.wp.com\/www.camara.leg.br\/midias\/image\/2026\/04\/55180934733-2e522306ef-o-768x432.jpg?fit=%2C&ssl=1","jetpack_sharing_enabled":true,"jetpack-related-posts":[],"_links":{"self":[{"href":"https:\/\/friburgonoticias.com.br\/temp\/wp-json\/wp\/v2\/posts\/8804","targetHints":{"allow":["GET"]}}],"collection":[{"href":"https:\/\/friburgonoticias.com.br\/temp\/wp-json\/wp\/v2\/posts"}],"about":[{"href":"https:\/\/friburgonoticias.com.br\/temp\/wp-json\/wp\/v2\/types\/post"}],"author":[{"embeddable":true,"href":"https:\/\/friburgonoticias.com.br\/temp\/wp-json\/wp\/v2\/users\/3"}],"replies":[{"embeddable":true,"href":"https:\/\/friburgonoticias.com.br\/temp\/wp-json\/wp\/v2\/comments?post=8804"}],"version-history":[{"count":0,"href":"https:\/\/friburgonoticias.com.br\/temp\/wp-json\/wp\/v2\/posts\/8804\/revisions"}],"wp:featuredmedia":[{"embeddable":true,"href":"https:\/\/friburgonoticias.com.br\/temp\/wp-json\/wp\/v2\/media\/8805"}],"wp:attachment":[{"href":"https:\/\/friburgonoticias.com.br\/temp\/wp-json\/wp\/v2\/media?parent=8804"}],"wp:term":[{"taxonomy":"category","embeddable":true,"href":"https:\/\/friburgonoticias.com.br\/temp\/wp-json\/wp\/v2\/categories?post=8804"},{"taxonomy":"post_tag","embeddable":true,"href":"https:\/\/friburgonoticias.com.br\/temp\/wp-json\/wp\/v2\/tags?post=8804"}],"curies":[{"name":"wp","href":"https:\/\/api.w.org\/{rel}","templated":true}]}}