{"id":8826,"date":"2026-04-02T11:47:32","date_gmt":"2026-04-02T11:47:32","guid":{"rendered":"https:\/\/friburgonoticias.com.br\/temp\/2026\/04\/02\/em-edicao-extraordinaria-do-diario-oficial-governo-do-estado-publica-21-exoneracoes-e-apenas-2-nomeacoes-na-seguranca-institucional\/"},"modified":"2026-04-02T11:47:32","modified_gmt":"2026-04-02T11:47:32","slug":"em-edicao-extraordinaria-do-diario-oficial-governo-do-estado-publica-21-exoneracoes-e-apenas-2-nomeacoes-na-seguranca-institucional","status":"publish","type":"post","link":"https:\/\/friburgonoticias.com.br\/temp\/2026\/04\/02\/em-edicao-extraordinaria-do-diario-oficial-governo-do-estado-publica-21-exoneracoes-e-apenas-2-nomeacoes-na-seguranca-institucional\/","title":{"rendered":"Em edi\u00e7\u00e3o extraordin\u00e1ria do Di\u00e1rio Oficial, governo do estado publica 21 exonera\u00e7\u00f5es e apenas 2 nomea\u00e7\u00f5es na Seguran\u00e7a Institucional"},"content":{"rendered":"<p><\/p>\n<div itemprop=\"articleBody\">\nEm edi\u00e7\u00e3o extraordin\u00e1ria do Di\u00e1rio Oficial desta quarta-feira (01), o governo do estado promoveu uma reestrutura\u00e7\u00e3o dr\u00e1stica na Seguran\u00e7a Institucional. O secret\u00e1rio da Casa Civil, Marco Sim\u00f5es, assinou 23 atos, com a destitui\u00e7\u00e3o de ocupantes de cargos de confian\u00e7a e na defini\u00e7\u00e3o dos novos l\u00edderes do setor.<\/p>\n<p>Na \u00faltima ter\u00e7a-feira (31), uma semana depois de tomar posse como\u00a0<a href=\"https:\/\/temporealrj.com\/castro-carta-renuncia\/\">governador em exerc\u00edcio<\/a>, o presidente do Tribunal de Justi\u00e7a, Ricardo Couto, trocou o ent\u00e3o chefe do Gabinete de Seguran\u00e7a Institucional (GSI), <a href=\"https:\/\/temporealrj.com\/ricardo-couto-publica-exoneracoes\/\">Edu Guimar\u00e3es<\/a>, pelo delegado <a href=\"https:\/\/temporealrj.com\/servidor-exonerado-prefeitura-nomeado-estado\/\">Roberto Lisandro Le\u00e3o<\/a>, que estava como chefe da assessoria de Intelig\u00eancia da Secretaria Especial de Seguran\u00e7a Urbana da Prefeitura do Rio.<\/p>\n<p>A estrat\u00e9gia adotada na edi\u00e7\u00e3o extraordin\u00e1ria chamou a aten\u00e7\u00e3o pelo volume de sa\u00eddas em compara\u00e7\u00e3o ao n\u00famero de ingressos, sinalizando uma interven\u00e7\u00e3o direta na estrutura. A caneta da Casa Civil removeu 21 servidores, em diversos n\u00edveis hier\u00e1rquicos, esvaziando diretorias e assessorias estrat\u00e9gicas de uma s\u00f3 vez. No mesmo documento, apenas dois nomes foram indicados para assumir os cargos mais altos do gabinete, concentrando a gest\u00e3o nas m\u00e3os dos novos escolhidos pelo governo.<\/p>\n<figure class=\"wp-block-image size-full\"><img loading=\"lazy\" decoding=\"async\" width=\"886\" height=\"629\" src=\"https:\/\/temporealrj.com\/wp-content\/uploads\/2026\/04\/WhatsApp-Image-2026-04-02-at-08.14.21.jpeg\" alt=\"WhatsApp Image 2026 04 02 at 08.14.21\" class=\"wp-image-127469\" title=\"Em edi\u00e7\u00e3o extraordin\u00e1ria do Di\u00e1rio Oficial, governo do estado publica 21 exonera\u00e7\u00f5es e apenas 2 nomea\u00e7\u00f5es na Seguran\u00e7a Institucional 62\" srcset=\"https:\/\/temporealrj.com\/wp-content\/uploads\/2026\/04\/WhatsApp-Image-2026-04-02-at-08.14.21.jpeg 886w, https:\/\/temporealrj.com\/wp-content\/uploads\/2026\/04\/WhatsApp-Image-2026-04-02-at-08.14.21-300x213.jpeg 300w, https:\/\/temporealrj.com\/wp-content\/uploads\/2026\/04\/WhatsApp-Image-2026-04-02-at-08.14.21-768x545.jpeg 768w, https:\/\/temporealrj.com\/wp-content\/uploads\/2026\/04\/WhatsApp-Image-2026-04-02-at-08.14.21-860x611.jpeg 860w\" sizes=\"auto, (max-width: 886px) 100vw, 886px\"\/><\/figure>\n<\/div>\n<p><\/a><\/p>\n<p>Fonte: temporealrj.com<\/p>\n","protected":false},"excerpt":{"rendered":"<p>Em edi\u00e7\u00e3o extraordin\u00e1ria do Di\u00e1rio Oficial desta quarta-feira (01), o governo do estado promoveu uma reestrutura\u00e7\u00e3o dr\u00e1stica na Seguran\u00e7a Institucional. O secret\u00e1rio da Casa Civil, Marco Sim\u00f5es, assinou 23 atos, com a destitui\u00e7\u00e3o de ocupantes de cargos de confian\u00e7a e na defini\u00e7\u00e3o dos novos l\u00edderes do setor. Na \u00faltima ter\u00e7a-feira (31), uma semana depois de [&hellip;]<\/p>\n","protected":false},"author":3,"featured_media":8827,"comment_status":"open","ping_status":"open","sticky":false,"template":"","format":"standard","meta":{"advanced_seo_description":"","jetpack_seo_html_title":"","jetpack_seo_noindex":false,"fifu_image_url":"https:\/\/temporealrj.com\/wp-content\/uploads\/2026\/04\/WhatsApp-Image-2026-04-02-at-08.39.27-e1775130136163.jpeg","fifu_image_alt":"","_jetpack_memberships_contains_paid_content":false,"footnotes":"","jetpack_publicize_message":"","jetpack_publicize_feature_enabled":true,"jetpack_social_post_already_shared":true,"jetpack_social_options":{"image_generator_settings":{"template":"highway","default_image_id":0,"font":"","enabled":false},"version":2}},"categories":[107],"tags":[],"class_list":{"0":"post-8826","1":"post","2":"type-post","3":"status-publish","4":"format-standard","5":"has-post-thumbnail","7":"category-economia"},"jetpack_publicize_connections":[],"jetpack_featured_media_url":"https:\/\/i0.wp.com\/temporealrj.com\/wp-content\/uploads\/2026\/04\/WhatsApp-Image-2026-04-02-at-08.39.27-e1775130136163.jpeg?fit=%2C&ssl=1","jetpack_sharing_enabled":true,"jetpack-related-posts":[],"_links":{"self":[{"href":"https:\/\/friburgonoticias.com.br\/temp\/wp-json\/wp\/v2\/posts\/8826","targetHints":{"allow":["GET"]}}],"collection":[{"href":"https:\/\/friburgonoticias.com.br\/temp\/wp-json\/wp\/v2\/posts"}],"about":[{"href":"https:\/\/friburgonoticias.com.br\/temp\/wp-json\/wp\/v2\/types\/post"}],"author":[{"embeddable":true,"href":"https:\/\/friburgonoticias.com.br\/temp\/wp-json\/wp\/v2\/users\/3"}],"replies":[{"embeddable":true,"href":"https:\/\/friburgonoticias.com.br\/temp\/wp-json\/wp\/v2\/comments?post=8826"}],"version-history":[{"count":0,"href":"https:\/\/friburgonoticias.com.br\/temp\/wp-json\/wp\/v2\/posts\/8826\/revisions"}],"wp:featuredmedia":[{"embeddable":true,"href":"https:\/\/friburgonoticias.com.br\/temp\/wp-json\/wp\/v2\/media\/8827"}],"wp:attachment":[{"href":"https:\/\/friburgonoticias.com.br\/temp\/wp-json\/wp\/v2\/media?parent=8826"}],"wp:term":[{"taxonomy":"category","embeddable":true,"href":"https:\/\/friburgonoticias.com.br\/temp\/wp-json\/wp\/v2\/categories?post=8826"},{"taxonomy":"post_tag","embeddable":true,"href":"https:\/\/friburgonoticias.com.br\/temp\/wp-json\/wp\/v2\/tags?post=8826"}],"curies":[{"name":"wp","href":"https:\/\/api.w.org\/{rel}","templated":true}]}}