{"id":8850,"date":"2026-04-03T18:47:22","date_gmt":"2026-04-03T18:47:22","guid":{"rendered":"https:\/\/friburgonoticias.com.br\/temp\/2026\/04\/03\/flavio-bolsonaro-publica-video-nas-redes-em-apoio-a-pre-candidatura-de-marcio-canella-ao-senado\/"},"modified":"2026-04-03T18:47:22","modified_gmt":"2026-04-03T18:47:22","slug":"flavio-bolsonaro-publica-video-nas-redes-em-apoio-a-pre-candidatura-de-marcio-canella-ao-senado","status":"publish","type":"post","link":"https:\/\/friburgonoticias.com.br\/temp\/2026\/04\/03\/flavio-bolsonaro-publica-video-nas-redes-em-apoio-a-pre-candidatura-de-marcio-canella-ao-senado\/","title":{"rendered":"Fl\u00e1vio Bolsonaro publica v\u00eddeo nas redes em apoio a pr\u00e9-candidatura de M\u00e1rcio Canella ao Senado"},"content":{"rendered":"<p><\/p>\n<div itemprop=\"articleBody\">\nO pr\u00e9-candidato \u00e0 presid\u00eancia pelo PL, senador Fl\u00e1vio Bolsonaro, usou suas redes sociais nesta sexta-feira (3) para declarar apoio integral a M\u00e1rcio Canella, prefeito de Belford Roxo, que disputar\u00e1 uma vaga no Senado pelo Uni\u00e3o Brasil.<\/p>\n<p>No v\u00eddeo, Fl\u00e1vio destacou a aceita\u00e7\u00e3o do prefeito na Baixada Fluminense: \u201co Canella foi deputado comigo e tem mais de 90% de aprova\u00e7\u00e3o na sua cidade, o que mostra que ele \u00e9 uma pessoa competente, que sabe trabalhar\u201d.<\/p>\n<p>Na legenda da postagem, o senador tamb\u00e9m confirmou que o prefeito deixar\u00e1 o cargo hoje, encerrando seu mandato em Belford Roxo para se dedicar \u00e0 corrida pelo Senado.<\/p>\n<h2 class=\"wp-block-heading\">Chapa de Canella conta com Rog\u00e9ria Bolsonaro como suplente<\/h2>\n<p>No dia da forma\u00e7\u00e3o da chapa, <a href=\"https:\/\/temporealrj.com\/rogeria-bolsonaro-suplente-senado\/\">M\u00e1rcio Canella anunciou que a ex-vereadora Rog\u00e9ria Bolsonaro, m\u00e3e dos filhos mais velhos de Jair Bolsonaro, ser\u00e1 sua suplente<\/a>.<\/p>\n<p>Rog\u00e9ria j\u00e1 foi vereadora do Rio por dois mandatos, entre 1993 e 2001, e tentou voltar \u00e0 C\u00e2mara em 2020 pelo Republicanos, sem sucesso. Em 2022, filiou-se ao\u00a0PL.\n<\/p><\/div>\n<p><\/a><\/p>\n<p>Fonte: temporealrj.com<\/p>\n","protected":false},"excerpt":{"rendered":"<p>O pr\u00e9-candidato \u00e0 presid\u00eancia pelo PL, senador Fl\u00e1vio Bolsonaro, usou suas redes sociais nesta sexta-feira (3) para declarar apoio integral a M\u00e1rcio Canella, prefeito de Belford Roxo, que disputar\u00e1 uma vaga no Senado pelo Uni\u00e3o Brasil. No v\u00eddeo, Fl\u00e1vio destacou a aceita\u00e7\u00e3o do prefeito na Baixada Fluminense: \u201co Canella foi deputado comigo e tem mais [&hellip;]<\/p>\n","protected":false},"author":3,"featured_media":8851,"comment_status":"open","ping_status":"open","sticky":false,"template":"","format":"standard","meta":{"advanced_seo_description":"","jetpack_seo_html_title":"","jetpack_seo_noindex":false,"fifu_image_url":"https:\/\/temporealrj.com\/wp-content\/uploads\/2026\/04\/WhatsApp-Image-2026-02-24-at-17.47.24-1024x849-1-e1775240064429.webp","fifu_image_alt":"","_jetpack_memberships_contains_paid_content":false,"footnotes":"","jetpack_publicize_message":"","jetpack_publicize_feature_enabled":true,"jetpack_social_post_already_shared":true,"jetpack_social_options":{"image_generator_settings":{"template":"highway","default_image_id":0,"font":"","enabled":false},"version":2}},"categories":[107],"tags":[],"class_list":{"0":"post-8850","1":"post","2":"type-post","3":"status-publish","4":"format-standard","5":"has-post-thumbnail","7":"category-economia"},"jetpack_publicize_connections":[],"jetpack_featured_media_url":"https:\/\/i0.wp.com\/temporealrj.com\/wp-content\/uploads\/2026\/04\/WhatsApp-Image-2026-02-24-at-17.47.24-1024x849-1-e1775240064429.webp?fit=%2C&ssl=1","jetpack_sharing_enabled":true,"jetpack-related-posts":[],"_links":{"self":[{"href":"https:\/\/friburgonoticias.com.br\/temp\/wp-json\/wp\/v2\/posts\/8850","targetHints":{"allow":["GET"]}}],"collection":[{"href":"https:\/\/friburgonoticias.com.br\/temp\/wp-json\/wp\/v2\/posts"}],"about":[{"href":"https:\/\/friburgonoticias.com.br\/temp\/wp-json\/wp\/v2\/types\/post"}],"author":[{"embeddable":true,"href":"https:\/\/friburgonoticias.com.br\/temp\/wp-json\/wp\/v2\/users\/3"}],"replies":[{"embeddable":true,"href":"https:\/\/friburgonoticias.com.br\/temp\/wp-json\/wp\/v2\/comments?post=8850"}],"version-history":[{"count":0,"href":"https:\/\/friburgonoticias.com.br\/temp\/wp-json\/wp\/v2\/posts\/8850\/revisions"}],"wp:featuredmedia":[{"embeddable":true,"href":"https:\/\/friburgonoticias.com.br\/temp\/wp-json\/wp\/v2\/media\/8851"}],"wp:attachment":[{"href":"https:\/\/friburgonoticias.com.br\/temp\/wp-json\/wp\/v2\/media?parent=8850"}],"wp:term":[{"taxonomy":"category","embeddable":true,"href":"https:\/\/friburgonoticias.com.br\/temp\/wp-json\/wp\/v2\/categories?post=8850"},{"taxonomy":"post_tag","embeddable":true,"href":"https:\/\/friburgonoticias.com.br\/temp\/wp-json\/wp\/v2\/tags?post=8850"}],"curies":[{"name":"wp","href":"https:\/\/api.w.org\/{rel}","templated":true}]}}