{"id":8852,"date":"2026-04-03T19:47:20","date_gmt":"2026-04-03T19:47:20","guid":{"rendered":"https:\/\/friburgonoticias.com.br\/temp\/2026\/04\/03\/alerta-de-trend-castro-e-paes-fazem-posts-parecidos-com-horas-de-diferenca-e-levantam-comparacoes\/"},"modified":"2026-04-03T19:47:20","modified_gmt":"2026-04-03T19:47:20","slug":"alerta-de-trend-castro-e-paes-fazem-posts-parecidos-com-horas-de-diferenca-e-levantam-comparacoes","status":"publish","type":"post","link":"https:\/\/friburgonoticias.com.br\/temp\/2026\/04\/03\/alerta-de-trend-castro-e-paes-fazem-posts-parecidos-com-horas-de-diferenca-e-levantam-comparacoes\/","title":{"rendered":"Alerta de trend? Castro e Paes fazem posts parecidos com horas de diferen\u00e7a e levantam compara\u00e7\u00f5es"},"content":{"rendered":"<p><\/p>\n<div itemprop=\"articleBody\">\nOs bastidores da pol\u00edtica fluminense ganharam um toque de bom humor nesta Sexta-feira Santa (3): o ex-governador Cl\u00e1udio Castro (PL) e o <a href=\"https:\/\/temporealrj.com\/ex-secretarias-paes-cavaliere-camara-rio\/\">ex-prefeito do Rio Eduardo Paes (PSD)<\/a> fizeram publica\u00e7\u00f5es um tanto parecidas nas \u00faltimas 24 horas.<\/p>\n<p>Castro saiu na frente e publicou um registro ao lado da esposa em uma igreja cat\u00f3lica, com a legenda: \u201cA idade chega para todos! Missa lava p\u00e9s!\u201d.<\/p>\n<p>Na manh\u00e3 do dia seguinte, Paes tamb\u00e9m apareceu nas redes em clima de casal, com uma mensagem que seguiu linha parecida: \u201cEstamos coroas, mas por a\u00ed curtindo\u201d.<\/p>\n<p>A coincid\u00eancia no tom e no timing chamou aten\u00e7\u00e3o e rapidamente levantou compara\u00e7\u00f5es nas redes. Sintonia sem combinar, in\u00edcio de uma nova \u201ctrend\u201d ou s\u00f3 falta de criatividade mesmo? Fica a d\u00favida.\u00a0\n<\/p><\/div>\n<p><\/a><\/p>\n<p>Fonte: temporealrj.com<\/p>\n","protected":false},"excerpt":{"rendered":"<p>Os bastidores da pol\u00edtica fluminense ganharam um toque de bom humor nesta Sexta-feira Santa (3): o ex-governador Cl\u00e1udio Castro (PL) e o ex-prefeito do Rio Eduardo Paes (PSD) fizeram publica\u00e7\u00f5es um tanto parecidas nas \u00faltimas 24 horas. Castro saiu na frente e publicou um registro ao lado da esposa em uma igreja cat\u00f3lica, com a [&hellip;]<\/p>\n","protected":false},"author":3,"featured_media":8853,"comment_status":"open","ping_status":"open","sticky":false,"template":"","format":"standard","meta":{"advanced_seo_description":"","jetpack_seo_html_title":"","jetpack_seo_noindex":false,"fifu_image_url":"https:\/\/temporealrj.com\/wp-content\/uploads\/2026\/04\/Design-sem-nome-3.jpg","fifu_image_alt":"","_jetpack_memberships_contains_paid_content":false,"footnotes":"","jetpack_publicize_message":"","jetpack_publicize_feature_enabled":true,"jetpack_social_post_already_shared":true,"jetpack_social_options":{"image_generator_settings":{"template":"highway","default_image_id":0,"font":"","enabled":false},"version":2}},"categories":[107],"tags":[],"class_list":{"0":"post-8852","1":"post","2":"type-post","3":"status-publish","4":"format-standard","5":"has-post-thumbnail","7":"category-economia"},"jetpack_publicize_connections":[],"jetpack_featured_media_url":"https:\/\/i0.wp.com\/temporealrj.com\/wp-content\/uploads\/2026\/04\/Design-sem-nome-3.jpg?fit=%2C&ssl=1","jetpack_sharing_enabled":true,"jetpack-related-posts":[],"_links":{"self":[{"href":"https:\/\/friburgonoticias.com.br\/temp\/wp-json\/wp\/v2\/posts\/8852","targetHints":{"allow":["GET"]}}],"collection":[{"href":"https:\/\/friburgonoticias.com.br\/temp\/wp-json\/wp\/v2\/posts"}],"about":[{"href":"https:\/\/friburgonoticias.com.br\/temp\/wp-json\/wp\/v2\/types\/post"}],"author":[{"embeddable":true,"href":"https:\/\/friburgonoticias.com.br\/temp\/wp-json\/wp\/v2\/users\/3"}],"replies":[{"embeddable":true,"href":"https:\/\/friburgonoticias.com.br\/temp\/wp-json\/wp\/v2\/comments?post=8852"}],"version-history":[{"count":0,"href":"https:\/\/friburgonoticias.com.br\/temp\/wp-json\/wp\/v2\/posts\/8852\/revisions"}],"wp:featuredmedia":[{"embeddable":true,"href":"https:\/\/friburgonoticias.com.br\/temp\/wp-json\/wp\/v2\/media\/8853"}],"wp:attachment":[{"href":"https:\/\/friburgonoticias.com.br\/temp\/wp-json\/wp\/v2\/media?parent=8852"}],"wp:term":[{"taxonomy":"category","embeddable":true,"href":"https:\/\/friburgonoticias.com.br\/temp\/wp-json\/wp\/v2\/categories?post=8852"},{"taxonomy":"post_tag","embeddable":true,"href":"https:\/\/friburgonoticias.com.br\/temp\/wp-json\/wp\/v2\/tags?post=8852"}],"curies":[{"name":"wp","href":"https:\/\/api.w.org\/{rel}","templated":true}]}}