{"id":8892,"date":"2026-04-06T21:52:16","date_gmt":"2026-04-06T21:52:16","guid":{"rendered":"https:\/\/friburgonoticias.com.br\/temp\/2026\/04\/06\/galeria-dos-presidentes-da-alerj-estreia-com-retrato-do-interino-delaroli-em-destaque\/"},"modified":"2026-04-06T21:52:16","modified_gmt":"2026-04-06T21:52:16","slug":"galeria-dos-presidentes-da-alerj-estreia-com-retrato-do-interino-delaroli-em-destaque","status":"publish","type":"post","link":"https:\/\/friburgonoticias.com.br\/temp\/2026\/04\/06\/galeria-dos-presidentes-da-alerj-estreia-com-retrato-do-interino-delaroli-em-destaque\/","title":{"rendered":"&#8216;Galeria dos Presidentes&#8217; da Alerj estreia com retrato do interino Delaroli em destaque"},"content":{"rendered":"<p><\/p>\n<div itemprop=\"articleBody\">\nDepois de meses coberta por um pano preto no principal corredor da Assembleia Legislativa, a \u201cGaleria dos Presidentes\u201d da casa enfim viu a luz do dia. Guilherme Delaroli (PL), eleito 1\u00ba vice de Rodrigo Bacellar (Uni\u00e3o Brasil) em 2025 \u2014 e que \u201cest\u00e1\u201d presidente em exerc\u00edcio \u00e0 espera da elei\u00e7\u00e3o do substituto \u2014 garantiu seu espa\u00e7o. <\/p>\n<p>Ele n\u00e3o s\u00f3 aparece no painel como \u201cpresidente\u201d \u2014 como sua foto ainda est\u00e1 em destaque.<\/p>\n<p>Delaroli ganhou uma imagem cerca de tr\u00eas vezes maior que a dos ex-colegas. E em cores.<\/p>\n<h2 class=\"wp-block-heading\">Um retrato que chegou antes da hora?<\/h2>\n<p>A galeria foi um projeto organizado por Bacellar e deveria ter sido inaugurada com uma pequena cerim\u00f4nia em homenagem aos ex-presidentes. N\u00e3o deu tempo: a pris\u00e3o e o afastamento do ent\u00e3o presidente interromperam os planos.<\/p>\n<p>Pelo rito tradicional, o retrato s\u00f3 entra na parede depois que o presidente deixa o cargo, numa esp\u00e9cie de \u201cpassagem para a mem\u00f3ria\u201d conduzida pelo sucessor. O pr\u00f3prio ex-presidente seguiu essa l\u00f3gica e deixou apenas um lugar reservado para sua foto, ainda sem destaque.<\/p>\n<p>O espa\u00e7o, no entanto, ganhou outro destino nas m\u00e3os de Delaroli, que optou por uma homenagem imediata e incluiu seu pr\u00f3prio retrato ainda durante o exerc\u00edcio da presid\u00eancia provis\u00f3ria.<\/p>\n<div class=\"wp-block-image\">\n<figure class=\"aligncenter size-large\"><img loading=\"lazy\" decoding=\"async\" width=\"853\" height=\"640\" src=\"https:\/\/temporealrj.com\/wp-content\/uploads\/2026\/04\/WhatsApp-Image-2026-04-06-at-13.10.31-edited.jpeg\" alt=\"WhatsApp Image 2026 04 06 at 13.10.31 edited\" class=\"wp-image-128000\" title=\"'Galeria dos Presidentes' da Alerj estreia com retrato do interino Delaroli em destaque 62\" srcset=\"https:\/\/temporealrj.com\/wp-content\/uploads\/2026\/04\/WhatsApp-Image-2026-04-06-at-13.10.31-edited.jpeg 853w, https:\/\/temporealrj.com\/wp-content\/uploads\/2026\/04\/WhatsApp-Image-2026-04-06-at-13.10.31-edited-300x225.jpeg 300w, https:\/\/temporealrj.com\/wp-content\/uploads\/2026\/04\/WhatsApp-Image-2026-04-06-at-13.10.31-edited-768x576.jpeg 768w\" sizes=\"auto, (max-width: 853px) 100vw, 853px\"\/><figcaption class=\"wp-element-caption\">Registro da instala\u00e7\u00e3o do mural, em 24 de outubro de 2025, demonstra menos \u201chierarquia\u201d entre os retratos e o espa\u00e7o vazio deixado para Bacellar \u2013 Foto: Leitor<\/figcaption><\/figure>\n<\/div>\n<p>De qualquer forma, o ato veio quase no fim de sua passagem pelo cargo. O Tribunal Regional Eleitoral (TRE-RJ) deve decidir, no pr\u00f3ximo dia 14 de abril, o resultado definitivo das elei\u00e7\u00f5es de 2022 ap\u00f3s a anula\u00e7\u00e3o dos votos recebidos por Bacellar.<\/p>\n<p>Com isso, abre-se o caminho para <a href=\"https:\/\/temporealrj.com\/desembargadora-considera-desnecessario-analisar-pedido-do-pdt-por-voto-secreto-presidencia-alerj\/\">a escolha de um novo presidente da Alerj<\/a>.\n<\/div>\n<p><\/a><\/p>\n<p>Fonte: temporealrj.com<\/p>\n","protected":false},"excerpt":{"rendered":"<p>Depois de meses coberta por um pano preto no principal corredor da Assembleia Legislativa, a \u201cGaleria dos Presidentes\u201d da casa enfim viu a luz do dia. Guilherme Delaroli (PL), eleito 1\u00ba vice de Rodrigo Bacellar (Uni\u00e3o Brasil) em 2025 \u2014 e que \u201cest\u00e1\u201d presidente em exerc\u00edcio \u00e0 espera da elei\u00e7\u00e3o do substituto \u2014 garantiu seu [&hellip;]<\/p>\n","protected":false},"author":3,"featured_media":8893,"comment_status":"open","ping_status":"open","sticky":false,"template":"","format":"standard","meta":{"advanced_seo_description":"","jetpack_seo_html_title":"","jetpack_seo_noindex":false,"fifu_image_url":"https:\/\/temporealrj.com\/wp-content\/uploads\/2026\/04\/WhatsApp-Image-2026-04-06-at-13.39.58-e1775500291525.jpeg","fifu_image_alt":"","_jetpack_memberships_contains_paid_content":false,"footnotes":"","jetpack_publicize_message":"","jetpack_publicize_feature_enabled":true,"jetpack_social_post_already_shared":true,"jetpack_social_options":{"image_generator_settings":{"template":"highway","default_image_id":0,"font":"","enabled":false},"version":2}},"categories":[106,1],"tags":[],"class_list":{"0":"post-8892","1":"post","2":"type-post","3":"status-publish","4":"format-standard","5":"has-post-thumbnail","7":"category-politica","8":"category-uncategorized"},"jetpack_publicize_connections":[],"jetpack_featured_media_url":"https:\/\/i0.wp.com\/temporealrj.com\/wp-content\/uploads\/2026\/04\/WhatsApp-Image-2026-04-06-at-13.39.58-e1775500291525.jpeg?fit=%2C&ssl=1","jetpack_sharing_enabled":true,"jetpack-related-posts":[],"_links":{"self":[{"href":"https:\/\/friburgonoticias.com.br\/temp\/wp-json\/wp\/v2\/posts\/8892","targetHints":{"allow":["GET"]}}],"collection":[{"href":"https:\/\/friburgonoticias.com.br\/temp\/wp-json\/wp\/v2\/posts"}],"about":[{"href":"https:\/\/friburgonoticias.com.br\/temp\/wp-json\/wp\/v2\/types\/post"}],"author":[{"embeddable":true,"href":"https:\/\/friburgonoticias.com.br\/temp\/wp-json\/wp\/v2\/users\/3"}],"replies":[{"embeddable":true,"href":"https:\/\/friburgonoticias.com.br\/temp\/wp-json\/wp\/v2\/comments?post=8892"}],"version-history":[{"count":0,"href":"https:\/\/friburgonoticias.com.br\/temp\/wp-json\/wp\/v2\/posts\/8892\/revisions"}],"wp:featuredmedia":[{"embeddable":true,"href":"https:\/\/friburgonoticias.com.br\/temp\/wp-json\/wp\/v2\/media\/8893"}],"wp:attachment":[{"href":"https:\/\/friburgonoticias.com.br\/temp\/wp-json\/wp\/v2\/media?parent=8892"}],"wp:term":[{"taxonomy":"category","embeddable":true,"href":"https:\/\/friburgonoticias.com.br\/temp\/wp-json\/wp\/v2\/categories?post=8892"},{"taxonomy":"post_tag","embeddable":true,"href":"https:\/\/friburgonoticias.com.br\/temp\/wp-json\/wp\/v2\/tags?post=8892"}],"curies":[{"name":"wp","href":"https:\/\/api.w.org\/{rel}","templated":true}]}}