{"id":8926,"date":"2026-04-07T20:07:19","date_gmt":"2026-04-07T20:07:19","guid":{"rendered":"https:\/\/friburgonoticias.com.br\/temp\/2026\/04\/07\/presidente-da-camara-do-rio-e-tres-vereadores-do-psd-viajam-aos-eua-a-convite-da-policia-de-nova-york\/"},"modified":"2026-04-07T20:07:19","modified_gmt":"2026-04-07T20:07:19","slug":"presidente-da-camara-do-rio-e-tres-vereadores-do-psd-viajam-aos-eua-a-convite-da-policia-de-nova-york","status":"publish","type":"post","link":"https:\/\/friburgonoticias.com.br\/temp\/2026\/04\/07\/presidente-da-camara-do-rio-e-tres-vereadores-do-psd-viajam-aos-eua-a-convite-da-policia-de-nova-york\/","title":{"rendered":"Presidente da C\u00e2mara do Rio e tr\u00eas vereadores do PSD viajam aos EUA a convite da Pol\u00edcia de Nova York"},"content":{"rendered":"<p><\/p>\n<div itemprop=\"articleBody\">\nQuatro vereadores, incluindo o presidente da <a href=\"https:\/\/www.camara.rio\/\" target=\"_blank\" rel=\"noopener\">C\u00e2mara do Rio<\/a>, Carlo Caiado (PSD), viajam aos Estados Unidos nesta semana a convite do Departamento de Pol\u00edcia de <a href=\"https:\/\/temporealrj.com\/rio-voos-diretos-nova-york-lisboa-paris\/\">Nova York<\/a> (NYPD). Eles v\u00e3o conhecer de perto o CompStat, sistema que usa dados para mapear crimes e orientar a a\u00e7\u00e3o policial nas ruas, j\u00e1 replicado no munic\u00edpio do Rio.<\/p>\n<p>Al\u00e9m de Caiado, tamb\u00e9m estar\u00e3o presentes outros parlamentares do PSD: o l\u00edder de governo Marcio Ribeiro, Fl\u00e1vio Valle e Felipe Bor\u00f3. Por conta da agenda, o presidente do Legislativo pediu afastamento da presid\u00eancia durante a semana, at\u00e9 sexta-feira (10).<\/p>\n<p>A viagem tem o objetivo de observar na pr\u00e1tica o funcionamento de uma das estrat\u00e9gias de seguran\u00e7a utilizadas em Nova York. O modelo j\u00e1 come\u00e7ou a ser aplicado no Rio, com uso de tecnologia para planejar a atua\u00e7\u00e3o da Guarda Municipal, e a miss\u00e3o agora \u00e9 analisar formas de ampliar sua aplica\u00e7\u00e3o na cidade.\n<\/p><\/div>\n<p><\/a><\/p>\n<p>Fonte: temporealrj.com<\/p>\n","protected":false},"excerpt":{"rendered":"<p>Quatro vereadores, incluindo o presidente da C\u00e2mara do Rio, Carlo Caiado (PSD), viajam aos Estados Unidos nesta semana a convite do Departamento de Pol\u00edcia de Nova York (NYPD). Eles v\u00e3o conhecer de perto o CompStat, sistema que usa dados para mapear crimes e orientar a a\u00e7\u00e3o policial nas ruas, j\u00e1 replicado no munic\u00edpio do Rio. [&hellip;]<\/p>\n","protected":false},"author":3,"featured_media":8927,"comment_status":"open","ping_status":"open","sticky":false,"template":"","format":"standard","meta":{"advanced_seo_description":"","jetpack_seo_html_title":"","jetpack_seo_noindex":false,"fifu_image_url":"https:\/\/temporealrj.com\/wp-content\/uploads\/2026\/04\/55169218467_9d502a1e3a_o-e1775591906309.jpg","fifu_image_alt":"","_jetpack_memberships_contains_paid_content":false,"footnotes":"","jetpack_publicize_message":"","jetpack_publicize_feature_enabled":true,"jetpack_social_post_already_shared":true,"jetpack_social_options":{"image_generator_settings":{"template":"highway","default_image_id":0,"font":"","enabled":false},"version":2}},"categories":[107],"tags":[],"class_list":{"0":"post-8926","1":"post","2":"type-post","3":"status-publish","4":"format-standard","5":"has-post-thumbnail","7":"category-economia"},"jetpack_publicize_connections":[],"jetpack_featured_media_url":"https:\/\/i0.wp.com\/temporealrj.com\/wp-content\/uploads\/2026\/04\/55169218467_9d502a1e3a_o-e1775591906309.jpg?fit=%2C&ssl=1","jetpack_sharing_enabled":true,"jetpack-related-posts":[],"_links":{"self":[{"href":"https:\/\/friburgonoticias.com.br\/temp\/wp-json\/wp\/v2\/posts\/8926","targetHints":{"allow":["GET"]}}],"collection":[{"href":"https:\/\/friburgonoticias.com.br\/temp\/wp-json\/wp\/v2\/posts"}],"about":[{"href":"https:\/\/friburgonoticias.com.br\/temp\/wp-json\/wp\/v2\/types\/post"}],"author":[{"embeddable":true,"href":"https:\/\/friburgonoticias.com.br\/temp\/wp-json\/wp\/v2\/users\/3"}],"replies":[{"embeddable":true,"href":"https:\/\/friburgonoticias.com.br\/temp\/wp-json\/wp\/v2\/comments?post=8926"}],"version-history":[{"count":0,"href":"https:\/\/friburgonoticias.com.br\/temp\/wp-json\/wp\/v2\/posts\/8926\/revisions"}],"wp:featuredmedia":[{"embeddable":true,"href":"https:\/\/friburgonoticias.com.br\/temp\/wp-json\/wp\/v2\/media\/8927"}],"wp:attachment":[{"href":"https:\/\/friburgonoticias.com.br\/temp\/wp-json\/wp\/v2\/media?parent=8926"}],"wp:term":[{"taxonomy":"category","embeddable":true,"href":"https:\/\/friburgonoticias.com.br\/temp\/wp-json\/wp\/v2\/categories?post=8926"},{"taxonomy":"post_tag","embeddable":true,"href":"https:\/\/friburgonoticias.com.br\/temp\/wp-json\/wp\/v2\/tags?post=8926"}],"curies":[{"name":"wp","href":"https:\/\/api.w.org\/{rel}","templated":true}]}}