{"id":8932,"date":"2026-04-07T21:01:33","date_gmt":"2026-04-07T21:01:33","guid":{"rendered":"https:\/\/friburgonoticias.com.br\/temp\/2026\/04\/07\/justica-do-rio-mantem-liberdade-do-vereador-salvino-oliveira-psd-e-derruba-medidas-cautelares\/"},"modified":"2026-04-07T21:01:33","modified_gmt":"2026-04-07T21:01:33","slug":"justica-do-rio-mantem-liberdade-do-vereador-salvino-oliveira-psd-e-derruba-medidas-cautelares","status":"publish","type":"post","link":"https:\/\/friburgonoticias.com.br\/temp\/2026\/04\/07\/justica-do-rio-mantem-liberdade-do-vereador-salvino-oliveira-psd-e-derruba-medidas-cautelares\/","title":{"rendered":"Justi\u00e7a do Rio mant\u00e9m liberdade do vereador Salvino Oliveira (PSD) e derruba medidas cautelares"},"content":{"rendered":"<p><\/p>\n<div itemprop=\"articleBody\">\nA <a href=\"https:\/\/www4.tjrj.jus.br\/camarasweb\/ConsultaCamara.aspx?OrgaoJulgador=498\" target=\"_blank\" rel=\"noopener\">7\u00aa C\u00e2mara Criminal do Tribunal de Justi\u00e7a do Rio (TJRJ)<\/a> manteve, por unanimidade, nesta ter\u00e7a-feira (7), o habeas corpus do vereador Salvino Oliveira (PSD). O parlamentar, <a href=\"https:\/\/temporealrj.com\/quem-salvino-oliveira-preso-cv\/\">preso em 11 de mar\u00e7o durante uma opera\u00e7\u00e3o da Pol\u00edcia Civil<\/a>, foi solto dois dias depois por liminar concedida pelo relator do caso, desembargador Marcus Bas\u00edlio.<\/p>\n<p>Na nova decis\u00e3o, por 3 votos a 0, a Justi\u00e7a tamb\u00e9m revogou as medidas cautelares impostas a Salvino desde o m\u00eas passado. Com isso, o vereador pode se ausentar do estado do Rio por mais de 15 dias sem autoriza\u00e7\u00e3o e n\u00e3o precisa mais se abster de contato com outros investigados.<\/p>\n<h2 class=\"wp-block-heading\">PSD <strong>denunciou em peso<\/strong> a pris\u00e3o de Salvino Oliveira<\/h2>\n<p>O parlamentar, do <a href=\"https:\/\/temporealrj.com\/psd-denuncia-prisao-salvino-oliveira\/\">partido de Eduardo Paes, pr\u00e9-candidato ao Pal\u00e1cio Guanabara<\/a>, comemorou a decis\u00e3o em plen\u00e1rio. Em discurso, disse que a manuten\u00e7\u00e3o do habeas corpus comprova que sua pris\u00e3o foi resultado do uso pol\u00edtico das for\u00e7as policiais pelo governo estadual, <a href=\"https:\/\/temporealrj.com\/castro-salvino-paes-prefeitura-rio\/\">\u00e0 \u00e9poca comandado por Cl\u00e1udio Castro (PL).<\/a><\/p>\n<p>\u201cUma mensagem clara de uma pris\u00e3o injusta, de uma persegui\u00e7\u00e3o pol\u00edtica e do infeliz uso dos nossos bons policiais por pol\u00edticos que t\u00eam medo de sair do poder e usam o poder para prejudicar outras pessoas. Ent\u00e3o eu fico muito feliz com a decis\u00e3o da Justi\u00e7a e sigo confiando no trabalho das institui\u00e7\u00f5es para que, de uma vez por todas, essa den\u00fancia seja encerrada e esse processo seja arquivado\u201d, destacou Salvino.<\/p>\n<p>O vereador foi <a href=\"https:\/\/temporealrj.com\/vereador-salvino-oliveira-preso\/\">preso em uma opera\u00e7\u00e3o que investigava o suposto envolvimento de pol\u00edticos e agentes p\u00fablicos com o Comando Vermelho (CV)<\/a>. Segundo a Pol\u00edcia Civil, ele teria negociado quiosques na Gard\u00eania Azul com traficantes da comunidade em troca de apoio para sua campanha nas elei\u00e7\u00f5es municipais de 2024. Salvino nega todas as acusa\u00e7\u00f5es.\n<\/div>\n<p><\/a><\/p>\n<p>Fonte: temporealrj.com<\/p>\n","protected":false},"excerpt":{"rendered":"<p>A 7\u00aa C\u00e2mara Criminal do Tribunal de Justi\u00e7a do Rio (TJRJ) manteve, por unanimidade, nesta ter\u00e7a-feira (7), o habeas corpus do vereador Salvino Oliveira (PSD). O parlamentar, preso em 11 de mar\u00e7o durante uma opera\u00e7\u00e3o da Pol\u00edcia Civil, foi solto dois dias depois por liminar concedida pelo relator do caso, desembargador Marcus Bas\u00edlio. Na nova [&hellip;]<\/p>\n","protected":false},"author":3,"featured_media":8933,"comment_status":"open","ping_status":"open","sticky":false,"template":"","format":"standard","meta":{"advanced_seo_description":"","jetpack_seo_html_title":"","jetpack_seo_noindex":false,"fifu_image_url":"https:\/\/temporealrj.com\/wp-content\/uploads\/2026\/04\/55180561084_82b2269e71_o-scaled-e1775589550941.jpg","fifu_image_alt":"","_jetpack_memberships_contains_paid_content":false,"footnotes":"","jetpack_publicize_message":"","jetpack_publicize_feature_enabled":true,"jetpack_social_post_already_shared":true,"jetpack_social_options":{"image_generator_settings":{"template":"highway","default_image_id":0,"font":"","enabled":false},"version":2}},"categories":[107],"tags":[],"class_list":{"0":"post-8932","1":"post","2":"type-post","3":"status-publish","4":"format-standard","5":"has-post-thumbnail","7":"category-economia"},"jetpack_publicize_connections":[],"jetpack_featured_media_url":"https:\/\/i0.wp.com\/temporealrj.com\/wp-content\/uploads\/2026\/04\/55180561084_82b2269e71_o-scaled-e1775589550941.jpg?fit=%2C&ssl=1","jetpack_sharing_enabled":true,"jetpack-related-posts":[],"_links":{"self":[{"href":"https:\/\/friburgonoticias.com.br\/temp\/wp-json\/wp\/v2\/posts\/8932","targetHints":{"allow":["GET"]}}],"collection":[{"href":"https:\/\/friburgonoticias.com.br\/temp\/wp-json\/wp\/v2\/posts"}],"about":[{"href":"https:\/\/friburgonoticias.com.br\/temp\/wp-json\/wp\/v2\/types\/post"}],"author":[{"embeddable":true,"href":"https:\/\/friburgonoticias.com.br\/temp\/wp-json\/wp\/v2\/users\/3"}],"replies":[{"embeddable":true,"href":"https:\/\/friburgonoticias.com.br\/temp\/wp-json\/wp\/v2\/comments?post=8932"}],"version-history":[{"count":0,"href":"https:\/\/friburgonoticias.com.br\/temp\/wp-json\/wp\/v2\/posts\/8932\/revisions"}],"wp:featuredmedia":[{"embeddable":true,"href":"https:\/\/friburgonoticias.com.br\/temp\/wp-json\/wp\/v2\/media\/8933"}],"wp:attachment":[{"href":"https:\/\/friburgonoticias.com.br\/temp\/wp-json\/wp\/v2\/media?parent=8932"}],"wp:term":[{"taxonomy":"category","embeddable":true,"href":"https:\/\/friburgonoticias.com.br\/temp\/wp-json\/wp\/v2\/categories?post=8932"},{"taxonomy":"post_tag","embeddable":true,"href":"https:\/\/friburgonoticias.com.br\/temp\/wp-json\/wp\/v2\/tags?post=8932"}],"curies":[{"name":"wp","href":"https:\/\/api.w.org\/{rel}","templated":true}]}}