{"id":8958,"date":"2026-04-08T18:42:17","date_gmt":"2026-04-08T18:42:17","guid":{"rendered":"https:\/\/friburgonoticias.com.br\/temp\/2026\/04\/08\/gabriela-azevedo-irma-do-prefeito-dr-serginho-e-cotada-para-a-alerj-vai-assumir-o-pl-mulher-em-cabo-frio\/"},"modified":"2026-04-08T18:42:17","modified_gmt":"2026-04-08T18:42:17","slug":"gabriela-azevedo-irma-do-prefeito-dr-serginho-e-cotada-para-a-alerj-vai-assumir-o-pl-mulher-em-cabo-frio","status":"publish","type":"post","link":"https:\/\/friburgonoticias.com.br\/temp\/2026\/04\/08\/gabriela-azevedo-irma-do-prefeito-dr-serginho-e-cotada-para-a-alerj-vai-assumir-o-pl-mulher-em-cabo-frio\/","title":{"rendered":"Gabriela Azevedo, irm\u00e3 do prefeito Dr. Serginho e cotada para a Alerj, vai assumir o PL Mulher em Cabo Frio"},"content":{"rendered":"<p><\/p>\n<div itemprop=\"articleBody\">\nA m\u00e9dica Gabriela Azevedo, conhecida como Dra. Gabriela, vai comandar o PL Mulher em Cabo Frio, na Regi\u00e3o dos Lagos. <a href=\"https:\/\/temporealrj.com\/gabriela-azevedo-cardiologista-e-irma-do-prefeito-de-cabo-frio-dr-serginho-filia-se-ao-pl-e-avalia-candidatura-a-deputada-estadual\/\">Irm\u00e3 do prefeito Dr. Serginho (PL) e cotada para disputar uma vaga de deputada estadual em outubro<\/a>, ela ser\u00e1 empossada em cerim\u00f4nia no Clube Costa Azul, nesta quinta-feira (9).<\/p>\n<p class=\"has-text-align-left\">Gabriela \u00e9 cardiologista e se filiou ao PL em 26 de mar\u00e7o, a convite da deputada federal do Rio, Soraya Santos. A irm\u00e3 de Serginho, que j\u00e1 confirmou presen\u00e7a na posse, atua h\u00e1 anos na medicina, com especializa\u00e7\u00e3o em hemodin\u00e2mica, experi\u00eancia cl\u00ednica e atendimentos pelo SUS.<\/p>\n<p>Embora assuma a presid\u00eancia do PL Mulher no munic\u00edpio \u2014 o mais populoso da Regi\u00e3o dos Lagos, com 221.897 habitantes \u2014 Gabriela ainda avalia a possibilidade de se candidatar \u00e0 Assembleia Legislativa (Alerj). A m\u00e9dica refor\u00e7ou que a decis\u00e3o ser\u00e1 tomada com cautela e em di\u00e1logo com a fam\u00edlia.\n<\/p><\/div>\n<p><\/a><\/p>\n<p>Fonte: temporealrj.com<\/p>\n","protected":false},"excerpt":{"rendered":"<p>A m\u00e9dica Gabriela Azevedo, conhecida como Dra. Gabriela, vai comandar o PL Mulher em Cabo Frio, na Regi\u00e3o dos Lagos. Irm\u00e3 do prefeito Dr. Serginho (PL) e cotada para disputar uma vaga de deputada estadual em outubro, ela ser\u00e1 empossada em cerim\u00f4nia no Clube Costa Azul, nesta quinta-feira (9). Gabriela \u00e9 cardiologista e se filiou [&hellip;]<\/p>\n","protected":false},"author":3,"featured_media":8959,"comment_status":"open","ping_status":"open","sticky":false,"template":"","format":"standard","meta":{"advanced_seo_description":"","jetpack_seo_html_title":"","jetpack_seo_noindex":false,"fifu_image_url":"https:\/\/temporealrj.com\/wp-content\/uploads\/2026\/04\/Miniatura-do-YouTube-Antes-e-Depois-Edicao-de-Foto-Branco-e-Roxo-5-e1775673256413.png","fifu_image_alt":"","_jetpack_memberships_contains_paid_content":false,"footnotes":"","jetpack_publicize_message":"","jetpack_publicize_feature_enabled":true,"jetpack_social_post_already_shared":true,"jetpack_social_options":{"image_generator_settings":{"template":"highway","default_image_id":0,"font":"","enabled":false},"version":2}},"categories":[107],"tags":[],"class_list":{"0":"post-8958","1":"post","2":"type-post","3":"status-publish","4":"format-standard","5":"has-post-thumbnail","7":"category-economia"},"jetpack_publicize_connections":[],"jetpack_featured_media_url":"https:\/\/i0.wp.com\/temporealrj.com\/wp-content\/uploads\/2026\/04\/Miniatura-do-YouTube-Antes-e-Depois-Edicao-de-Foto-Branco-e-Roxo-5-e1775673256413.png?fit=%2C&ssl=1","jetpack_sharing_enabled":true,"jetpack-related-posts":[],"_links":{"self":[{"href":"https:\/\/friburgonoticias.com.br\/temp\/wp-json\/wp\/v2\/posts\/8958","targetHints":{"allow":["GET"]}}],"collection":[{"href":"https:\/\/friburgonoticias.com.br\/temp\/wp-json\/wp\/v2\/posts"}],"about":[{"href":"https:\/\/friburgonoticias.com.br\/temp\/wp-json\/wp\/v2\/types\/post"}],"author":[{"embeddable":true,"href":"https:\/\/friburgonoticias.com.br\/temp\/wp-json\/wp\/v2\/users\/3"}],"replies":[{"embeddable":true,"href":"https:\/\/friburgonoticias.com.br\/temp\/wp-json\/wp\/v2\/comments?post=8958"}],"version-history":[{"count":0,"href":"https:\/\/friburgonoticias.com.br\/temp\/wp-json\/wp\/v2\/posts\/8958\/revisions"}],"wp:featuredmedia":[{"embeddable":true,"href":"https:\/\/friburgonoticias.com.br\/temp\/wp-json\/wp\/v2\/media\/8959"}],"wp:attachment":[{"href":"https:\/\/friburgonoticias.com.br\/temp\/wp-json\/wp\/v2\/media?parent=8958"}],"wp:term":[{"taxonomy":"category","embeddable":true,"href":"https:\/\/friburgonoticias.com.br\/temp\/wp-json\/wp\/v2\/categories?post=8958"},{"taxonomy":"post_tag","embeddable":true,"href":"https:\/\/friburgonoticias.com.br\/temp\/wp-json\/wp\/v2\/tags?post=8958"}],"curies":[{"name":"wp","href":"https:\/\/api.w.org\/{rel}","templated":true}]}}