{"id":8988,"date":"2026-04-09T11:57:13","date_gmt":"2026-04-09T11:57:13","guid":{"rendered":"https:\/\/friburgonoticias.com.br\/temp\/2026\/04\/09\/camara-de-marica-vota-projeto-que-cria-dia-da-liberdade-de-expressao-em-homenagem-a-jornalista-morto-no-municipio\/"},"modified":"2026-04-09T11:57:13","modified_gmt":"2026-04-09T11:57:13","slug":"camara-de-marica-vota-projeto-que-cria-dia-da-liberdade-de-expressao-em-homenagem-a-jornalista-morto-no-municipio","status":"publish","type":"post","link":"https:\/\/friburgonoticias.com.br\/temp\/2026\/04\/09\/camara-de-marica-vota-projeto-que-cria-dia-da-liberdade-de-expressao-em-homenagem-a-jornalista-morto-no-municipio\/","title":{"rendered":"C\u00e2mara de Maric\u00e1 vota projeto que cria Dia da Liberdade de Express\u00e3o, em homenagem a jornalista morto no munic\u00edpio"},"content":{"rendered":"<p><\/p>\n<div itemprop=\"articleBody\">\nA <a href=\"https:\/\/temporealrj.com\/quaqua-autoriza-desapropriacao-de-terreno-para-ampliacao-da-camara-de-marica\/\">C\u00e2mara de Maric\u00e1<\/a> vota nesta quinta-feira (09) um projeto de lei que cria o Dia Municipal da Liberdade de Express\u00e3o. A proposta, de autoria do vereador Netuno (Republicanos), prev\u00ea que a data seja celebrada no dia 18 de junho \u2014 dia em que o jornalista Rom\u00e1rio Barros foi assassinado no munic\u00edpio.<\/p>\n<p>O atentado contra Barros \u00e9 citado como uma das motiva\u00e7\u00f5es para a cria\u00e7\u00e3o da data em Maric\u00e1. Fundador do portal Lei Seca Maric\u00e1, o jornalista foi morto a tiros em 2019, no bairro de Ara\u00e7atiba. O assassinato aconteceu menos de um m\u00eas ap\u00f3s a morte de outro jornalista da cidade, Robson Giorno. Investiga\u00e7\u00f5es da Pol\u00edcia Civil e do Minist\u00e9rio P\u00fablico apontam envolvimento de mil\u00edcias da regi\u00e3o nos crimes.<\/p>\n<p>Na justificativa do projeto, o vereador destaca a trajet\u00f3ria de Barros na defesa do jornalismo comunit\u00e1rio e a necessidade de defender a liberdade de profissionais de comunica\u00e7\u00e3o do munic\u00edpio contra tentativas de censura e intimida\u00e7\u00e3o. O texto prev\u00ea a realiza\u00e7\u00e3o de palestras, debates e campanhas educativas sobre o direito \u00e0 livre manifesta\u00e7\u00e3o e seus limites.<\/p>\n<p>Caso aprovada, a lei autoriza a <a href=\"https:\/\/temporealrj.com\/marica-consultoria-5-milhoes-niemeyer\/\">prefeitura<\/a> a firmar parcerias com institui\u00e7\u00f5es de ensino e organiza\u00e7\u00f5es da sociedade civil para promover eventos culturais e semin\u00e1rios. Os vereadores de Maric\u00e1 analisam o projeto a partir das 10h e, se aprovarem, o texto segue para o prefeito Washington Quaqu\u00e1 (PT).\n<\/div>\n<p><\/a><\/p>\n<p>Fonte: temporealrj.com<\/p>\n","protected":false},"excerpt":{"rendered":"<p>A C\u00e2mara de Maric\u00e1 vota nesta quinta-feira (09) um projeto de lei que cria o Dia Municipal da Liberdade de Express\u00e3o. A proposta, de autoria do vereador Netuno (Republicanos), prev\u00ea que a data seja celebrada no dia 18 de junho \u2014 dia em que o jornalista Rom\u00e1rio Barros foi assassinado no munic\u00edpio. O atentado contra [&hellip;]<\/p>\n","protected":false},"author":3,"featured_media":8989,"comment_status":"open","ping_status":"open","sticky":false,"template":"","format":"standard","meta":{"advanced_seo_description":"","jetpack_seo_html_title":"","jetpack_seo_noindex":false,"fifu_image_url":"https:\/\/temporealrj.com\/wp-content\/uploads\/2026\/04\/Romario-Barros-jornalista-morto-em-Marica-e1775734694662.jpg","fifu_image_alt":"","_jetpack_memberships_contains_paid_content":false,"footnotes":"","jetpack_publicize_message":"","jetpack_publicize_feature_enabled":true,"jetpack_social_post_already_shared":true,"jetpack_social_options":{"image_generator_settings":{"template":"highway","default_image_id":0,"font":"","enabled":false},"version":2}},"categories":[107],"tags":[],"class_list":{"0":"post-8988","1":"post","2":"type-post","3":"status-publish","4":"format-standard","5":"has-post-thumbnail","7":"category-economia"},"jetpack_publicize_connections":[],"jetpack_featured_media_url":"https:\/\/i0.wp.com\/temporealrj.com\/wp-content\/uploads\/2026\/04\/Romario-Barros-jornalista-morto-em-Marica-e1775734694662.jpg?fit=%2C&ssl=1","jetpack_sharing_enabled":true,"jetpack-related-posts":[],"_links":{"self":[{"href":"https:\/\/friburgonoticias.com.br\/temp\/wp-json\/wp\/v2\/posts\/8988","targetHints":{"allow":["GET"]}}],"collection":[{"href":"https:\/\/friburgonoticias.com.br\/temp\/wp-json\/wp\/v2\/posts"}],"about":[{"href":"https:\/\/friburgonoticias.com.br\/temp\/wp-json\/wp\/v2\/types\/post"}],"author":[{"embeddable":true,"href":"https:\/\/friburgonoticias.com.br\/temp\/wp-json\/wp\/v2\/users\/3"}],"replies":[{"embeddable":true,"href":"https:\/\/friburgonoticias.com.br\/temp\/wp-json\/wp\/v2\/comments?post=8988"}],"version-history":[{"count":0,"href":"https:\/\/friburgonoticias.com.br\/temp\/wp-json\/wp\/v2\/posts\/8988\/revisions"}],"wp:featuredmedia":[{"embeddable":true,"href":"https:\/\/friburgonoticias.com.br\/temp\/wp-json\/wp\/v2\/media\/8989"}],"wp:attachment":[{"href":"https:\/\/friburgonoticias.com.br\/temp\/wp-json\/wp\/v2\/media?parent=8988"}],"wp:term":[{"taxonomy":"category","embeddable":true,"href":"https:\/\/friburgonoticias.com.br\/temp\/wp-json\/wp\/v2\/categories?post=8988"},{"taxonomy":"post_tag","embeddable":true,"href":"https:\/\/friburgonoticias.com.br\/temp\/wp-json\/wp\/v2\/tags?post=8988"}],"curies":[{"name":"wp","href":"https:\/\/api.w.org\/{rel}","templated":true}]}}