{"id":9002,"date":"2026-04-09T15:06:30","date_gmt":"2026-04-09T15:06:30","guid":{"rendered":"https:\/\/friburgonoticias.com.br\/temp\/2026\/04\/09\/o-coringa-e-eduardo-paes-dispara-vereador-do-pl-em-repudio-a-fala-de-advogado-do-psd-no-stf\/"},"modified":"2026-04-09T15:06:30","modified_gmt":"2026-04-09T15:06:30","slug":"o-coringa-e-eduardo-paes-dispara-vereador-do-pl-em-repudio-a-fala-de-advogado-do-psd-no-stf","status":"publish","type":"post","link":"https:\/\/friburgonoticias.com.br\/temp\/2026\/04\/09\/o-coringa-e-eduardo-paes-dispara-vereador-do-pl-em-repudio-a-fala-de-advogado-do-psd-no-stf\/","title":{"rendered":"&#8216;O Coringa \u00e9 Eduardo Paes&#8217;, dispara vereador do PL em rep\u00fadio \u00e0 fala de advogado do PSD no STF"},"content":{"rendered":"<p><\/p>\n<div itemprop=\"articleBody\">\nA <a href=\"https:\/\/temporealrj.com\/advogado-psd-stf-rio-gotham-city\/\">declara\u00e7\u00e3o do advogado do PSD, Thiago Boverio<\/a>, que comparou o Rio \u00e0 \u201cGotham City\u201d durante sess\u00e3o do Supremo Tribunal Federal (STF), repercutiu at\u00e9 na C\u00e2mara do Rio. Nesta quinta-feira (9), o vereador Fernando Armelau (PL), partido do ex-governador Cl\u00e1udio Castro, <a href=\"https:\/\/temporealrj.com\/advogado-psd-stf-rio-gotham-city\/\">repudiou a fala em plen\u00e1rio <\/a>e afirmou que \u201co Coringa \u00e9 Eduardo Paes\u201d, em refer\u00eancia ao ex-prefeito e pr\u00e9-candidato ao Pal\u00e1cio Guanabara.<\/p>\n<p>Armelau lembrou que a declara\u00e7\u00e3o do advogado, feita na sess\u00e3o que julga o modelo da elei\u00e7\u00e3o-tamp\u00e3o para o governo do estado at\u00e9 dezembro, ocorreu no mesmo dia em que foi registrada a maior apreens\u00e3o de drogas da hist\u00f3ria do pa\u00eds, no Complexo da Mar\u00e9, na Zona Norte.<\/p>\n<h2 class=\"wp-block-heading\">\u2018Quem seria o Coringa nessa hist\u00f3ria?\u2019<\/h2>\n<p>\u201cUma apreens\u00e3o recorde no Brasil e, nesse mesmo dia, um advogado do PSD, partido do ex-prefeito desta cidade \u2014 que j\u00e1 se lan\u00e7ou pr\u00e9-candidato ao governo do estado \u2014 faz uma cr\u00edtica ao Rio, chamando-o de Gotham City e ainda sugerindo que, em elei\u00e7\u00f5es indiretas, seria mais prov\u00e1vel a vit\u00f3ria do Coringa do que do Batman\u201d, afirmou o vereador.<\/p>\n<p>Em seguida, o parlamentar ironizou a declara\u00e7\u00e3o e destacou a for\u00e7a do PL no estado, citando nomes como o deputado estadual Douglas Ruas, tamb\u00e9m pr\u00e9-candidato ao governo e filho do prefeito de S\u00e3o Gon\u00e7alo, Capit\u00e3o Nelson, al\u00e9m do presidente interino da Alerj, Guilherme Delaroli, irm\u00e3o do prefeito de Itabora\u00ed, Marcelo Delaroli.<\/p>\n<p>\u201cEnt\u00e3o, quem seria o Coringa nessa hist\u00f3ria? Acho que o advogado do PSD quis dizer que o Coringa \u00e9 Eduardo Paes\u201d, concluiu o vereador.\n<\/p><\/div>\n<p><\/a><\/p>\n<p>Fonte: temporealrj.com<\/p>\n","protected":false},"excerpt":{"rendered":"<p>A declara\u00e7\u00e3o do advogado do PSD, Thiago Boverio, que comparou o Rio \u00e0 \u201cGotham City\u201d durante sess\u00e3o do Supremo Tribunal Federal (STF), repercutiu at\u00e9 na C\u00e2mara do Rio. Nesta quinta-feira (9), o vereador Fernando Armelau (PL), partido do ex-governador Cl\u00e1udio Castro, repudiou a fala em plen\u00e1rio e afirmou que \u201co Coringa \u00e9 Eduardo Paes\u201d, em [&hellip;]<\/p>\n","protected":false},"author":3,"featured_media":9003,"comment_status":"open","ping_status":"open","sticky":false,"template":"","format":"standard","meta":{"advanced_seo_description":"","jetpack_seo_html_title":"","jetpack_seo_noindex":false,"fifu_image_url":"https:\/\/temporealrj.com\/wp-content\/uploads\/2026\/04\/WhatsApp-Image-2026-04-09-at-11.34.20-e1775746482129.jpeg","fifu_image_alt":"","_jetpack_memberships_contains_paid_content":false,"footnotes":"","jetpack_publicize_message":"","jetpack_publicize_feature_enabled":true,"jetpack_social_post_already_shared":true,"jetpack_social_options":{"image_generator_settings":{"template":"highway","default_image_id":0,"font":"","enabled":false},"version":2}},"categories":[107],"tags":[],"class_list":{"0":"post-9002","1":"post","2":"type-post","3":"status-publish","4":"format-standard","5":"has-post-thumbnail","7":"category-economia"},"jetpack_publicize_connections":[],"jetpack_featured_media_url":"https:\/\/i0.wp.com\/temporealrj.com\/wp-content\/uploads\/2026\/04\/WhatsApp-Image-2026-04-09-at-11.34.20-e1775746482129.jpeg?fit=%2C&ssl=1","jetpack_sharing_enabled":true,"jetpack-related-posts":[],"_links":{"self":[{"href":"https:\/\/friburgonoticias.com.br\/temp\/wp-json\/wp\/v2\/posts\/9002","targetHints":{"allow":["GET"]}}],"collection":[{"href":"https:\/\/friburgonoticias.com.br\/temp\/wp-json\/wp\/v2\/posts"}],"about":[{"href":"https:\/\/friburgonoticias.com.br\/temp\/wp-json\/wp\/v2\/types\/post"}],"author":[{"embeddable":true,"href":"https:\/\/friburgonoticias.com.br\/temp\/wp-json\/wp\/v2\/users\/3"}],"replies":[{"embeddable":true,"href":"https:\/\/friburgonoticias.com.br\/temp\/wp-json\/wp\/v2\/comments?post=9002"}],"version-history":[{"count":0,"href":"https:\/\/friburgonoticias.com.br\/temp\/wp-json\/wp\/v2\/posts\/9002\/revisions"}],"wp:featuredmedia":[{"embeddable":true,"href":"https:\/\/friburgonoticias.com.br\/temp\/wp-json\/wp\/v2\/media\/9003"}],"wp:attachment":[{"href":"https:\/\/friburgonoticias.com.br\/temp\/wp-json\/wp\/v2\/media?parent=9002"}],"wp:term":[{"taxonomy":"category","embeddable":true,"href":"https:\/\/friburgonoticias.com.br\/temp\/wp-json\/wp\/v2\/categories?post=9002"},{"taxonomy":"post_tag","embeddable":true,"href":"https:\/\/friburgonoticias.com.br\/temp\/wp-json\/wp\/v2\/tags?post=9002"}],"curies":[{"name":"wp","href":"https:\/\/api.w.org\/{rel}","templated":true}]}}