{"id":9014,"date":"2026-04-09T18:32:27","date_gmt":"2026-04-09T18:32:27","guid":{"rendered":"https:\/\/friburgonoticias.com.br\/temp\/2026\/04\/09\/republicanos-escolhe-o-ex-prefeito-de-miguel-pereira-como-pre-candidato-ao-palacio-guanabara\/"},"modified":"2026-04-09T18:32:27","modified_gmt":"2026-04-09T18:32:27","slug":"republicanos-escolhe-o-ex-prefeito-de-miguel-pereira-como-pre-candidato-ao-palacio-guanabara","status":"publish","type":"post","link":"https:\/\/friburgonoticias.com.br\/temp\/2026\/04\/09\/republicanos-escolhe-o-ex-prefeito-de-miguel-pereira-como-pre-candidato-ao-palacio-guanabara\/","title":{"rendered":"Republicanos escolhe o ex-prefeito de Miguel Pereira como pr\u00e9-candidato ao Pal\u00e1cio Guanabara"},"content":{"rendered":"<p><\/p>\n<div itemprop=\"articleBody\">\nFiliado oficialmente ao Republicanos na \u00faltima sexta-feira (03), Andr\u00e9 Portugu\u00eas, ex-prefeito de Miguel Pereira, foi escolhido pelo partido como pr\u00e9-candidato \u00e0 elei\u00e7\u00e3o de outubro para o governo do estado. O an\u00fancio deve ser formalizado na pr\u00f3xima quarta-feira (15). <\/p>\n<p>At\u00e9 a \u00faltima semana, como o ex-governador Anthony Garotinho \u2014 tamb\u00e9m filiado ao Republicanos \u2014 se livrou de uma condena\u00e7\u00e3o na Justi\u00e7a, <a href=\"https:\/\/temporealrj.com\/andre-portugues-garotinho-republicanos\/\">o partido avaliava qual dos dois poderia disputar<\/a>, em seu nome, o comando do Pal\u00e1cio Guanabara \u2014 o que acaba de ser definido. <\/p>\n<p>Andr\u00e9 Portugu\u00eas deixou o PL ap\u00f3s o partido confirmar o deputado estadual Douglas Ruas na disputa.<\/p>\n<div class=\"wp-block-image\">\n<figure class=\"aligncenter size-full is-resized\"><img loading=\"lazy\" decoding=\"async\" width=\"600\" height=\"398\" src=\"https:\/\/temporealrj.com\/wp-content\/uploads\/2026\/04\/andre-portugues.webp\" alt=\"andre portugues\" class=\"wp-image-128572\" style=\"width:466px;height:auto\" title=\"Garotinho x Andr\u00e9 Portugu\u00eas: Republicanos escolhe o ex-prefeito de Miguel Pereira como pr\u00e9-candidato ao Pal\u00e1cio Guanabara 62\" srcset=\"https:\/\/temporealrj.com\/wp-content\/uploads\/2026\/04\/andre-portugues.webp 600w, https:\/\/temporealrj.com\/wp-content\/uploads\/2026\/04\/andre-portugues-300x199.webp 300w, https:\/\/temporealrj.com\/wp-content\/uploads\/2026\/04\/andre-portugues-330x220.webp 330w, https:\/\/temporealrj.com\/wp-content\/uploads\/2026\/04\/andre-portugues-420x280.webp 420w\" sizes=\"auto, (max-width: 600px) 100vw, 600px\"\/><figcaption class=\"wp-element-caption\">Ex-prefeito de Miguel Pereira, Andr\u00e9 Portugu\u00eas se filiou ao Republicanos na \u00faltima sexta-feira (03) \u2013 Foto: Reprodu\u00e7\u00e3o\/Redes sociais<\/figcaption><\/figure>\n<\/div>\n<h2 class=\"wp-block-heading\">\u2018Fui escolhido pelo Republicanos\u2019<\/h2>\n<p>Para o mandato-tamp\u00e3o, cuja defini\u00e7\u00e3o est\u00e1 em julgamento no STF, o ex-governador Anthony Garotinho j\u00e1 se lan\u00e7ou como candidato. <\/p>\n<p><a href=\"https:\/\/temporealrj.com\/garotinho-diz-que-disputara-mandato-tampao-caso-stf-determine-eleicoes-diretas\/\">Em v\u00eddeo publicado nas redes sociais na ter\u00e7a-feira<\/a> (07), Garotinho (Republicanos) disse que foi escolhido pelo partido para ser candidato caso o Supremo Tribunal Federal (STF) determine elei\u00e7\u00f5es diretas para o\u00a0mandato-tamp\u00e3o. <\/p>\n<p>\u201cO meu partido, Republicanos, decidiu que, caso as elei\u00e7\u00f5es sejam diretas, o nome indicado para disputar ser\u00e1 o meu\u201d, afirmou, \u00e0 \u00e9poca, em publica\u00e7\u00e3o nas redes sociais. <\/p>\n<p>Para o Senado, o\u00a0Republicanos anunciou que lan\u00e7ar\u00e1 o deputado federal, ex-prefeito do Rio de Janeiro e ex-senador, Marcelo Crivella, e o ex-prefeito de Belford Roxo, Waguinho. <\/p>\n<p>Com informa\u00e7\u00f5es do Jornal O Globo.\n<\/p><\/div>\n<p><\/a><\/p>\n<p>Fonte: temporealrj.com<\/p>\n","protected":false},"excerpt":{"rendered":"<p>Filiado oficialmente ao Republicanos na \u00faltima sexta-feira (03), Andr\u00e9 Portugu\u00eas, ex-prefeito de Miguel Pereira, foi escolhido pelo partido como pr\u00e9-candidato \u00e0 elei\u00e7\u00e3o de outubro para o governo do estado. O an\u00fancio deve ser formalizado na pr\u00f3xima quarta-feira (15). At\u00e9 a \u00faltima semana, como o ex-governador Anthony Garotinho \u2014 tamb\u00e9m filiado ao Republicanos \u2014 se livrou [&hellip;]<\/p>\n","protected":false},"author":3,"featured_media":9015,"comment_status":"open","ping_status":"open","sticky":false,"template":"","format":"standard","meta":{"advanced_seo_description":"","jetpack_seo_html_title":"","jetpack_seo_noindex":false,"fifu_image_url":"https:\/\/temporealrj.com\/wp-content\/uploads\/2026\/04\/andre-portugues-republicanos-e1775759039328.jpeg","fifu_image_alt":"","_jetpack_memberships_contains_paid_content":false,"footnotes":"","jetpack_publicize_message":"","jetpack_publicize_feature_enabled":true,"jetpack_social_post_already_shared":true,"jetpack_social_options":{"image_generator_settings":{"template":"highway","default_image_id":0,"font":"","enabled":false},"version":2}},"categories":[107],"tags":[],"class_list":{"0":"post-9014","1":"post","2":"type-post","3":"status-publish","4":"format-standard","5":"has-post-thumbnail","7":"category-economia"},"jetpack_publicize_connections":[],"jetpack_featured_media_url":"https:\/\/i0.wp.com\/temporealrj.com\/wp-content\/uploads\/2026\/04\/andre-portugues-republicanos-e1775759039328.jpeg?fit=%2C&ssl=1","jetpack_sharing_enabled":true,"jetpack-related-posts":[],"_links":{"self":[{"href":"https:\/\/friburgonoticias.com.br\/temp\/wp-json\/wp\/v2\/posts\/9014","targetHints":{"allow":["GET"]}}],"collection":[{"href":"https:\/\/friburgonoticias.com.br\/temp\/wp-json\/wp\/v2\/posts"}],"about":[{"href":"https:\/\/friburgonoticias.com.br\/temp\/wp-json\/wp\/v2\/types\/post"}],"author":[{"embeddable":true,"href":"https:\/\/friburgonoticias.com.br\/temp\/wp-json\/wp\/v2\/users\/3"}],"replies":[{"embeddable":true,"href":"https:\/\/friburgonoticias.com.br\/temp\/wp-json\/wp\/v2\/comments?post=9014"}],"version-history":[{"count":0,"href":"https:\/\/friburgonoticias.com.br\/temp\/wp-json\/wp\/v2\/posts\/9014\/revisions"}],"wp:featuredmedia":[{"embeddable":true,"href":"https:\/\/friburgonoticias.com.br\/temp\/wp-json\/wp\/v2\/media\/9015"}],"wp:attachment":[{"href":"https:\/\/friburgonoticias.com.br\/temp\/wp-json\/wp\/v2\/media?parent=9014"}],"wp:term":[{"taxonomy":"category","embeddable":true,"href":"https:\/\/friburgonoticias.com.br\/temp\/wp-json\/wp\/v2\/categories?post=9014"},{"taxonomy":"post_tag","embeddable":true,"href":"https:\/\/friburgonoticias.com.br\/temp\/wp-json\/wp\/v2\/tags?post=9014"}],"curies":[{"name":"wp","href":"https:\/\/api.w.org\/{rel}","templated":true}]}}