{"id":9018,"date":"2026-04-09T19:08:53","date_gmt":"2026-04-09T19:08:53","guid":{"rendered":"https:\/\/friburgonoticias.com.br\/temp\/2026\/04\/09\/tce-rj-suspende-licitacao-de-r-272-milhoes-da-prefeitura-de-mage\/"},"modified":"2026-04-09T19:08:53","modified_gmt":"2026-04-09T19:08:53","slug":"tce-rj-suspende-licitacao-de-r-272-milhoes-da-prefeitura-de-mage","status":"publish","type":"post","link":"https:\/\/friburgonoticias.com.br\/temp\/2026\/04\/09\/tce-rj-suspende-licitacao-de-r-272-milhoes-da-prefeitura-de-mage\/","title":{"rendered":"TCE-RJ suspende licita\u00e7\u00e3o de R$ 27,2 milh\u00f5es da Prefeitura de Mag\u00e9"},"content":{"rendered":"<p><\/p>\n<div itemprop=\"articleBody\">\nO <a href=\"https:\/\/temporealrj.com\/tce-rj-reprova-contas-do-ex-prefeito-de-itaperuna-referentes-a-2024\/\">Tribunal de Contas do Rio (TCE-RJ)<\/a> determinou a suspens\u00e3o de uma licita\u00e7\u00e3o da Prefeitura de Mag\u00e9 para comprar materiais de limpeza, higiene e insumos hospitalares para a Secretaria de Assist\u00eancia Social e Direitos Humanos. O preg\u00e3o tinha valor estimado em R$ 27,2 milh\u00f5es.<\/p>\n<p>A decis\u00e3o do conselheiro Christiano Lacerda Ghuerren apontou que a maioria das concorrentes acabou desclassificada no processo de licita\u00e7\u00e3o por conta de exig\u00eancias t\u00e9cnicas consideradas excessivas.<\/p>\n<p>Entre os ind\u00edcios de irregularidade apontados pela decis\u00e3o est\u00e1 a exig\u00eancia de atestados que comprovem o fornecimento de metade do quantitativo total de cada item. Segundo a decis\u00e3o, o edital de <a href=\"https:\/\/temporealrj.com\/suplente-indiciado-morte-vereador-mage\/\">Mag\u00e9<\/a> n\u00e3o detalhou os crit\u00e9rios para avalia\u00e7\u00e3o dessas amostras e n\u00e3o seguiu especifica\u00e7\u00f5es previstas pela chamada Lei de Licita\u00e7\u00f5es.<\/p>\n<h2 class=\"wp-block-heading\">Prefeitura de Mag\u00e9 questionou den\u00fancia feita por empresa ao TCE-RJ<\/h2>\n<p>A decis\u00e3o atende a uma representa\u00e7\u00e3o apresentada por uma empresa contra a Prefeitura de Mag\u00e9. O munic\u00edpio chegou a questionar a legitimidade da empresa que fez a den\u00fancia, sob o argumento de que ela n\u00e3o participou da licita\u00e7\u00e3o. No entanto, o conselheiro rejeitou a tese e disse que o interesse p\u00fablico no caso prevalece mesmo assim.<\/p>\n<p>Com a determina\u00e7\u00e3o, a prefeitura deve interromper a licita\u00e7\u00e3o de forma imediata e tem o prazo de 15 dias para prestar esclarecimentos detalhados sobre as falhas apontadas. At\u00e9 uma nova an\u00e1lise do TCE-RJ, nem o <a href=\"https:\/\/temporealrj.com\/willian-coelho-perde-presidencia-do-dc-estadual-para-primo-de-renato-cozzolino\/\">prefeito Renato Cozzolino (PP)<\/a> nem seus secret\u00e1rios podem assinar contratos relacionados \u00e0 licita\u00e7\u00e3o.<\/p>\n<p><em>Com informa\u00e7\u00f5es do portal \u201cRLagos Not\u00edcias\u201d.<\/em>\n<\/div>\n<p><\/a><\/p>\n<p>Fonte: temporealrj.com<\/p>\n","protected":false},"excerpt":{"rendered":"<p>O Tribunal de Contas do Rio (TCE-RJ) determinou a suspens\u00e3o de uma licita\u00e7\u00e3o da Prefeitura de Mag\u00e9 para comprar materiais de limpeza, higiene e insumos hospitalares para a Secretaria de Assist\u00eancia Social e Direitos Humanos. O preg\u00e3o tinha valor estimado em R$ 27,2 milh\u00f5es. A decis\u00e3o do conselheiro Christiano Lacerda Ghuerren apontou que a maioria [&hellip;]<\/p>\n","protected":false},"author":3,"featured_media":9019,"comment_status":"open","ping_status":"open","sticky":false,"template":"","format":"standard","meta":{"advanced_seo_description":"","jetpack_seo_html_title":"","jetpack_seo_noindex":false,"fifu_image_url":"https:\/\/temporealrj.com\/wp-content\/uploads\/2026\/04\/Prefeitura-de-Mage-e1775756483136.png","fifu_image_alt":"","_jetpack_memberships_contains_paid_content":false,"footnotes":"","jetpack_publicize_message":"","jetpack_publicize_feature_enabled":true,"jetpack_social_post_already_shared":true,"jetpack_social_options":{"image_generator_settings":{"template":"highway","default_image_id":0,"font":"","enabled":false},"version":2}},"categories":[107],"tags":[],"class_list":{"0":"post-9018","1":"post","2":"type-post","3":"status-publish","4":"format-standard","5":"has-post-thumbnail","7":"category-economia"},"jetpack_publicize_connections":[],"jetpack_featured_media_url":"https:\/\/i0.wp.com\/temporealrj.com\/wp-content\/uploads\/2026\/04\/Prefeitura-de-Mage-e1775756483136.png?fit=%2C&ssl=1","jetpack_sharing_enabled":true,"jetpack-related-posts":[],"_links":{"self":[{"href":"https:\/\/friburgonoticias.com.br\/temp\/wp-json\/wp\/v2\/posts\/9018","targetHints":{"allow":["GET"]}}],"collection":[{"href":"https:\/\/friburgonoticias.com.br\/temp\/wp-json\/wp\/v2\/posts"}],"about":[{"href":"https:\/\/friburgonoticias.com.br\/temp\/wp-json\/wp\/v2\/types\/post"}],"author":[{"embeddable":true,"href":"https:\/\/friburgonoticias.com.br\/temp\/wp-json\/wp\/v2\/users\/3"}],"replies":[{"embeddable":true,"href":"https:\/\/friburgonoticias.com.br\/temp\/wp-json\/wp\/v2\/comments?post=9018"}],"version-history":[{"count":0,"href":"https:\/\/friburgonoticias.com.br\/temp\/wp-json\/wp\/v2\/posts\/9018\/revisions"}],"wp:featuredmedia":[{"embeddable":true,"href":"https:\/\/friburgonoticias.com.br\/temp\/wp-json\/wp\/v2\/media\/9019"}],"wp:attachment":[{"href":"https:\/\/friburgonoticias.com.br\/temp\/wp-json\/wp\/v2\/media?parent=9018"}],"wp:term":[{"taxonomy":"category","embeddable":true,"href":"https:\/\/friburgonoticias.com.br\/temp\/wp-json\/wp\/v2\/categories?post=9018"},{"taxonomy":"post_tag","embeddable":true,"href":"https:\/\/friburgonoticias.com.br\/temp\/wp-json\/wp\/v2\/tags?post=9018"}],"curies":[{"name":"wp","href":"https:\/\/api.w.org\/{rel}","templated":true}]}}