{"id":9024,"date":"2026-04-09T21:17:46","date_gmt":"2026-04-09T21:17:46","guid":{"rendered":"https:\/\/friburgonoticias.com.br\/temp\/2026\/04\/09\/convocada-sessao-do-congresso-para-analise-do-veto-a-reducao-das-penas-dos-condenados-pelos-atos-de-8-de-janeiro-noticias\/"},"modified":"2026-04-09T21:17:46","modified_gmt":"2026-04-09T21:17:46","slug":"convocada-sessao-do-congresso-para-analise-do-veto-a-reducao-das-penas-dos-condenados-pelos-atos-de-8-de-janeiro-noticias","status":"publish","type":"post","link":"https:\/\/friburgonoticias.com.br\/temp\/2026\/04\/09\/convocada-sessao-do-congresso-para-analise-do-veto-a-reducao-das-penas-dos-condenados-pelos-atos-de-8-de-janeiro-noticias\/","title":{"rendered":"Convocada sess\u00e3o do Congresso para an\u00e1lise do veto \u00e0 redu\u00e7\u00e3o das penas dos condenados pelos atos de 8 de janeiro &#8211; Not\u00edcias"},"content":{"rendered":"<p><\/p>\n<div>\n<div>\n<p class=\"g-artigo__data-hora\">\n                                            09\/04\/2026 &#8211; 18:14 \u00a0\n                                        <\/p>\n<div id=\"image-container-1261935\" class=\"image-container\" style=\"float: none; margin: 45px 0px; width: 100%;\" data-midia=\"1261935\">\n                <em>Waldemir Barreto\/Ag\u00eancia Senado<\/em><\/p>\n<p>                Presidente do Congresso, Davi Alcolumbre\n                <\/p><\/div>\n<p>                O presidente do Congresso, senador Davi Alcolumbre, convocou para 30 de abril sess\u00e3o do Congresso Nacional para an\u00e1lise do veto integral (<a href=\"https:\/\/www.congressonacional.leg.br\/materias\/vetos\/-\/veto\/detalhe\/17969\">VET 3\/26<\/a>) ao projeto da dosimetria (PL 2162\/23), que trata da redu\u00e7\u00e3o das penas dos condenados por envolvimento nos atos do 8 de janeiro de 2023 em Bras\u00edlia.<br \/>\n                Na quarta-feira (8), Alcolumbre j\u00e1 havia esclarecido que essa \u00e9 uma prerrogativa do presidente do Congresso.<br \/>\n                &#8220;Eu vou exercer essa prerrogativa conferida pela Constitui\u00e7\u00e3o. O meu desejo \u00e9 o mais r\u00e1pido poss\u00edvel n\u00f3s fazemos uma sess\u00e3o do Congresso Nacional para deliberarmos um assunto relevant\u00edssimo e que carece da delibera\u00e7\u00e3o do Congresso, que \u00e9 o veto ao projeto de lei da dosimetria&#8221;, disse.<\/p>\n<p style=\"font-size: 0.8rem; font-weight: 700;\">Da Reda\u00e7\u00e3o &#8211; GM<br \/>Com informa\u00e7\u00f5es da Ag\u00eancia Senado<\/p>\n<\/p><\/div>\n<\/p><\/div>\n<p><\/a><\/p>\n<p>Fonte: www.camara.leg.br<\/p>\n","protected":false},"excerpt":{"rendered":"<p>09\/04\/2026 &#8211; 18:14 \u00a0 Waldemir Barreto\/Ag\u00eancia Senado Presidente do Congresso, Davi Alcolumbre O presidente do Congresso, senador Davi Alcolumbre, convocou para 30 de abril sess\u00e3o do Congresso Nacional para an\u00e1lise do veto integral (VET 3\/26) ao projeto da dosimetria (PL 2162\/23), que trata da redu\u00e7\u00e3o das penas dos condenados por envolvimento nos atos do 8 [&hellip;]<\/p>\n","protected":false},"author":3,"featured_media":9025,"comment_status":"open","ping_status":"open","sticky":false,"template":"","format":"standard","meta":{"advanced_seo_description":"","jetpack_seo_html_title":"","jetpack_seo_noindex":false,"fifu_image_url":"https:\/\/www.camara.leg.br\/midias\/image\/2026\/04\/55194885992-f8c5e2799d-b-768x512.jpg","fifu_image_alt":"","_jetpack_memberships_contains_paid_content":false,"footnotes":"","jetpack_publicize_message":"","jetpack_publicize_feature_enabled":true,"jetpack_social_post_already_shared":true,"jetpack_social_options":{"image_generator_settings":{"template":"highway","default_image_id":0,"font":"","enabled":false},"version":2}},"categories":[107],"tags":[],"class_list":{"0":"post-9024","1":"post","2":"type-post","3":"status-publish","4":"format-standard","5":"has-post-thumbnail","7":"category-economia"},"jetpack_publicize_connections":[],"jetpack_featured_media_url":"https:\/\/i0.wp.com\/www.camara.leg.br\/midias\/image\/2026\/04\/55194885992-f8c5e2799d-b-768x512.jpg?fit=%2C&ssl=1","jetpack_sharing_enabled":true,"jetpack-related-posts":[],"_links":{"self":[{"href":"https:\/\/friburgonoticias.com.br\/temp\/wp-json\/wp\/v2\/posts\/9024","targetHints":{"allow":["GET"]}}],"collection":[{"href":"https:\/\/friburgonoticias.com.br\/temp\/wp-json\/wp\/v2\/posts"}],"about":[{"href":"https:\/\/friburgonoticias.com.br\/temp\/wp-json\/wp\/v2\/types\/post"}],"author":[{"embeddable":true,"href":"https:\/\/friburgonoticias.com.br\/temp\/wp-json\/wp\/v2\/users\/3"}],"replies":[{"embeddable":true,"href":"https:\/\/friburgonoticias.com.br\/temp\/wp-json\/wp\/v2\/comments?post=9024"}],"version-history":[{"count":0,"href":"https:\/\/friburgonoticias.com.br\/temp\/wp-json\/wp\/v2\/posts\/9024\/revisions"}],"wp:featuredmedia":[{"embeddable":true,"href":"https:\/\/friburgonoticias.com.br\/temp\/wp-json\/wp\/v2\/media\/9025"}],"wp:attachment":[{"href":"https:\/\/friburgonoticias.com.br\/temp\/wp-json\/wp\/v2\/media?parent=9024"}],"wp:term":[{"taxonomy":"category","embeddable":true,"href":"https:\/\/friburgonoticias.com.br\/temp\/wp-json\/wp\/v2\/categories?post=9024"},{"taxonomy":"post_tag","embeddable":true,"href":"https:\/\/friburgonoticias.com.br\/temp\/wp-json\/wp\/v2\/tags?post=9024"}],"curies":[{"name":"wp","href":"https:\/\/api.w.org\/{rel}","templated":true}]}}