{"id":9026,"date":"2026-04-09T22:07:28","date_gmt":"2026-04-09T22:07:28","guid":{"rendered":"https:\/\/friburgonoticias.com.br\/temp\/2026\/04\/09\/plano-a-claudio-castro-pega-de-volta-a-sua-carteira-da-oab-e-esta-apto-a-advogar\/"},"modified":"2026-04-09T22:07:28","modified_gmt":"2026-04-09T22:07:28","slug":"plano-a-claudio-castro-pega-de-volta-a-sua-carteira-da-oab-e-esta-apto-a-advogar","status":"publish","type":"post","link":"https:\/\/friburgonoticias.com.br\/temp\/2026\/04\/09\/plano-a-claudio-castro-pega-de-volta-a-sua-carteira-da-oab-e-esta-apto-a-advogar\/","title":{"rendered":"Plano A: Cl\u00e1udio Castro pega de volta a sua carteira da OAB e est\u00e1 apto a advogar"},"content":{"rendered":"<p><\/p>\n<div itemprop=\"articleBody\">\nO <a href=\"https:\/\/temporealrj.com\/castro-carta-renuncia\/\">agora ex-governador<\/a> Cl\u00e1udio Castro (PL), advogado por forma\u00e7\u00e3o, retomou sua profiss\u00e3o original nesta quinta-feira (09). Recebeu, de volta, a sua carteira da Ordem dos Advogados do Brasil \u2014 e das m\u00e3os da presidente da OAB-RJ, Ana Tereza Bas\u00edlio. Durante o per\u00edodo em que comandou o Pal\u00e1cio Guanabara, ele esteve impedido de exercer a profiss\u00e3o \u2014 e suspendeu a carteira. <\/p>\n<p>Castro foi recebido com pompa na OAB-RJ. Tamb\u00e9m estavam l\u00e1 o secret\u00e1rio-geral, Rafael Borges; o tesoureiro, F\u00e1bio Nogueira: e a conselheira Luciana Pires. Ana Bas\u00edlio reconheceu, e agradeceu, a ajuda e a presteza com que ele tratou a advocacia enquanto foi governador.<\/p>\n<p>\u201cJ\u00e1 at\u00e9 paguei a anuidade. Estou apto a advogar. Preciso trabalhar, n\u00e9?\u201d, disse Cl\u00e1udio Castro.<\/p>\n<p>Mas o ex-governador deixa claro que n\u00e3o desistiu de disputar uma vaga de senador na elei\u00e7\u00e3o de outubro.<\/p>\n<p>\u201cMantenho a candidatura, mas, como qualquer um, terei que trabalhar e fazer campanha\u201d, completou.\n<\/p><\/div>\n<p><\/a><\/p>\n<p>Fonte: temporealrj.com<\/p>\n","protected":false},"excerpt":{"rendered":"<p>O agora ex-governador Cl\u00e1udio Castro (PL), advogado por forma\u00e7\u00e3o, retomou sua profiss\u00e3o original nesta quinta-feira (09). Recebeu, de volta, a sua carteira da Ordem dos Advogados do Brasil \u2014 e das m\u00e3os da presidente da OAB-RJ, Ana Tereza Bas\u00edlio. Durante o per\u00edodo em que comandou o Pal\u00e1cio Guanabara, ele esteve impedido de exercer a profiss\u00e3o [&hellip;]<\/p>\n","protected":false},"author":3,"featured_media":9027,"comment_status":"open","ping_status":"open","sticky":false,"template":"","format":"standard","meta":{"advanced_seo_description":"","jetpack_seo_html_title":"","jetpack_seo_noindex":false,"fifu_image_url":"https:\/\/temporealrj.com\/wp-content\/uploads\/2026\/04\/WhatsApp-Image-2026-04-09-at-17.06.16.jpeg","fifu_image_alt":"","_jetpack_memberships_contains_paid_content":false,"footnotes":"","jetpack_publicize_message":"","jetpack_publicize_feature_enabled":true,"jetpack_social_post_already_shared":true,"jetpack_social_options":{"image_generator_settings":{"template":"highway","default_image_id":0,"font":"","enabled":false},"version":2}},"categories":[107],"tags":[],"class_list":{"0":"post-9026","1":"post","2":"type-post","3":"status-publish","4":"format-standard","5":"has-post-thumbnail","7":"category-economia"},"jetpack_publicize_connections":[],"jetpack_featured_media_url":"https:\/\/i0.wp.com\/temporealrj.com\/wp-content\/uploads\/2026\/04\/WhatsApp-Image-2026-04-09-at-17.06.16.jpeg?fit=%2C&ssl=1","jetpack_sharing_enabled":true,"jetpack-related-posts":[],"_links":{"self":[{"href":"https:\/\/friburgonoticias.com.br\/temp\/wp-json\/wp\/v2\/posts\/9026","targetHints":{"allow":["GET"]}}],"collection":[{"href":"https:\/\/friburgonoticias.com.br\/temp\/wp-json\/wp\/v2\/posts"}],"about":[{"href":"https:\/\/friburgonoticias.com.br\/temp\/wp-json\/wp\/v2\/types\/post"}],"author":[{"embeddable":true,"href":"https:\/\/friburgonoticias.com.br\/temp\/wp-json\/wp\/v2\/users\/3"}],"replies":[{"embeddable":true,"href":"https:\/\/friburgonoticias.com.br\/temp\/wp-json\/wp\/v2\/comments?post=9026"}],"version-history":[{"count":0,"href":"https:\/\/friburgonoticias.com.br\/temp\/wp-json\/wp\/v2\/posts\/9026\/revisions"}],"wp:featuredmedia":[{"embeddable":true,"href":"https:\/\/friburgonoticias.com.br\/temp\/wp-json\/wp\/v2\/media\/9027"}],"wp:attachment":[{"href":"https:\/\/friburgonoticias.com.br\/temp\/wp-json\/wp\/v2\/media?parent=9026"}],"wp:term":[{"taxonomy":"category","embeddable":true,"href":"https:\/\/friburgonoticias.com.br\/temp\/wp-json\/wp\/v2\/categories?post=9026"},{"taxonomy":"post_tag","embeddable":true,"href":"https:\/\/friburgonoticias.com.br\/temp\/wp-json\/wp\/v2\/tags?post=9026"}],"curies":[{"name":"wp","href":"https:\/\/api.w.org\/{rel}","templated":true}]}}