{"id":9030,"date":"2026-04-09T22:27:34","date_gmt":"2026-04-09T22:27:34","guid":{"rendered":"https:\/\/friburgonoticias.com.br\/temp\/2026\/04\/09\/carmen-lucia-defende-eleicao-indireta-para-governador-do-estado-tese-ja-tem-4-votos-a-1-no-stf-e-julgamento-e-suspenso\/"},"modified":"2026-04-09T22:27:34","modified_gmt":"2026-04-09T22:27:34","slug":"carmen-lucia-defende-eleicao-indireta-para-governador-do-estado-tese-ja-tem-4-votos-a-1-no-stf-e-julgamento-e-suspenso","status":"publish","type":"post","link":"https:\/\/friburgonoticias.com.br\/temp\/2026\/04\/09\/carmen-lucia-defende-eleicao-indireta-para-governador-do-estado-tese-ja-tem-4-votos-a-1-no-stf-e-julgamento-e-suspenso\/","title":{"rendered":"C\u00e1rmen L\u00facia defende elei\u00e7\u00e3o indireta para governador do estado; tese j\u00e1 tem 4 votos a 1 no STF e julgamento \u00e9 suspenso"},"content":{"rendered":"<p><\/p>\n<div itemprop=\"articleBody\">\nA ministra C\u00e1rmen L\u00facia antecipou seu voto nesta quinta-feira (9) no Supremo Tribunal Federal (STF) e passou a acompanhar a diverg\u00eancia aberta por Luiz Fux, defendendo a realiza\u00e7\u00e3o de elei\u00e7\u00e3o indireta para o governo do Rio.<\/p>\n<p>Com isso, <a href=\"https:\/\/temporealrj.com\/nunes-marques-stf-eleicao-indireta\/\">4 ministros<\/a> se posicionaram contra o voto do relator, Cristiano Zanin, que sustenta elei\u00e7\u00e3o direta.<\/p>\n<p>Presidente do Tribunal Superior Eleitoral (TSE) e integrante do julgamento que condenou Cl\u00e1udio Castro (PL) pelo caso Ceperj, a ministra informou que o relator da a\u00e7\u00e3o na Corte eleitoral, Antonio Carlos Ferreira, j\u00e1 re\u00fane os votos para a elabora\u00e7\u00e3o do ac\u00f3rd\u00e3o, que deve ser encaminhado ao STF na pr\u00f3xima semana.<\/p>\n<p>Ao analisar a a\u00e7\u00e3o sobre as regras de uma eventual elei\u00e7\u00e3o indireta, C\u00e1rmen L\u00facia tamb\u00e9m acompanhou Fux para manter o prazo de 24 horas de desincompatibiliza\u00e7\u00e3o e adotar vota\u00e7\u00e3o secreta.<\/p>\n<p><a href=\"https:\/\/temporealrj.com\/flavio-dino-stf-voto-eleicao\/\">O julgamento foi adiado pelo pedido de vista do ministro Fl\u00e1vio Dino.<\/a> At\u00e9 a conclus\u00e3o, o presidente do STF, Edson Fachin, confirmou que o desembargador Ricardo Couto seguir\u00e1 no comando do governo do estado de forma interina.\n<\/div>\n<p><\/a><\/p>\n<p>Fonte: temporealrj.com<\/p>\n","protected":false},"excerpt":{"rendered":"<p>A ministra C\u00e1rmen L\u00facia antecipou seu voto nesta quinta-feira (9) no Supremo Tribunal Federal (STF) e passou a acompanhar a diverg\u00eancia aberta por Luiz Fux, defendendo a realiza\u00e7\u00e3o de elei\u00e7\u00e3o indireta para o governo do Rio. Com isso, 4 ministros se posicionaram contra o voto do relator, Cristiano Zanin, que sustenta elei\u00e7\u00e3o direta. Presidente do [&hellip;]<\/p>\n","protected":false},"author":3,"featured_media":9031,"comment_status":"open","ping_status":"open","sticky":false,"template":"","format":"standard","meta":{"advanced_seo_description":"","jetpack_seo_html_title":"","jetpack_seo_noindex":false,"fifu_image_url":"https:\/\/temporealrj.com\/wp-content\/uploads\/2026\/04\/politica-alexandre-de-moraes-carmen-lucia-luis-roberto-barroso-ministros-do-stf-stf-ataques-1708803803-e1775767205435.webp","fifu_image_alt":"","_jetpack_memberships_contains_paid_content":false,"footnotes":"","jetpack_publicize_message":"","jetpack_publicize_feature_enabled":true,"jetpack_social_post_already_shared":true,"jetpack_social_options":{"image_generator_settings":{"template":"highway","default_image_id":0,"font":"","enabled":false},"version":2}},"categories":[107],"tags":[],"class_list":{"0":"post-9030","1":"post","2":"type-post","3":"status-publish","4":"format-standard","5":"has-post-thumbnail","7":"category-economia"},"jetpack_publicize_connections":[],"jetpack_featured_media_url":"https:\/\/i0.wp.com\/temporealrj.com\/wp-content\/uploads\/2026\/04\/politica-alexandre-de-moraes-carmen-lucia-luis-roberto-barroso-ministros-do-stf-stf-ataques-1708803803-e1775767205435.webp?fit=%2C&ssl=1","jetpack_sharing_enabled":true,"jetpack-related-posts":[],"_links":{"self":[{"href":"https:\/\/friburgonoticias.com.br\/temp\/wp-json\/wp\/v2\/posts\/9030","targetHints":{"allow":["GET"]}}],"collection":[{"href":"https:\/\/friburgonoticias.com.br\/temp\/wp-json\/wp\/v2\/posts"}],"about":[{"href":"https:\/\/friburgonoticias.com.br\/temp\/wp-json\/wp\/v2\/types\/post"}],"author":[{"embeddable":true,"href":"https:\/\/friburgonoticias.com.br\/temp\/wp-json\/wp\/v2\/users\/3"}],"replies":[{"embeddable":true,"href":"https:\/\/friburgonoticias.com.br\/temp\/wp-json\/wp\/v2\/comments?post=9030"}],"version-history":[{"count":0,"href":"https:\/\/friburgonoticias.com.br\/temp\/wp-json\/wp\/v2\/posts\/9030\/revisions"}],"wp:featuredmedia":[{"embeddable":true,"href":"https:\/\/friburgonoticias.com.br\/temp\/wp-json\/wp\/v2\/media\/9031"}],"wp:attachment":[{"href":"https:\/\/friburgonoticias.com.br\/temp\/wp-json\/wp\/v2\/media?parent=9030"}],"wp:term":[{"taxonomy":"category","embeddable":true,"href":"https:\/\/friburgonoticias.com.br\/temp\/wp-json\/wp\/v2\/categories?post=9030"},{"taxonomy":"post_tag","embeddable":true,"href":"https:\/\/friburgonoticias.com.br\/temp\/wp-json\/wp\/v2\/tags?post=9030"}],"curies":[{"name":"wp","href":"https:\/\/api.w.org\/{rel}","templated":true}]}}