{"id":9060,"date":"2026-04-11T18:02:25","date_gmt":"2026-04-11T18:02:25","guid":{"rendered":"https:\/\/friburgonoticias.com.br\/temp\/2026\/04\/11\/psol-lanca-william-siri-como-pre-candidato-ao-governo-do-estado-e-monica-benicio-ao-senado\/"},"modified":"2026-04-11T18:02:25","modified_gmt":"2026-04-11T18:02:25","slug":"psol-lanca-william-siri-como-pre-candidato-ao-governo-do-estado-e-monica-benicio-ao-senado","status":"publish","type":"post","link":"https:\/\/friburgonoticias.com.br\/temp\/2026\/04\/11\/psol-lanca-william-siri-como-pre-candidato-ao-governo-do-estado-e-monica-benicio-ao-senado\/","title":{"rendered":"PSOL lan\u00e7a William Siri como pr\u00e9-candidato ao governo do estado e M\u00f4nica Benicio ao Senado"},"content":{"rendered":"<p><\/p>\n<div itemprop=\"articleBody\">\nO PSOL do Rio de Janeiro aprovou, neste s\u00e1bado (11), em sua confer\u00eancia eleitoral,<a href=\"https:\/\/temporealrj.com\/william-siri-lideranca-psol-camara-rio\/\"> a pr\u00e9-candidatura do vereador William Siri <\/a>ao governo do estado e da <a href=\"https:\/\/temporealrj.com\/ala-conservadora-psol-monica-benicio\/\">vereadora M\u00f4nica Benicio<\/a> como pr\u00e9-candidata ao Senado Federal nas elei\u00e7\u00f5es de 2026. A decis\u00e3o ocorre em meio a um cen\u00e1rio de crise no estado.<\/p>\n<p>William Siri \u00e9 vereador na capital fluminense e tem trajet\u00f3ria ligada \u00e0s lutas populares. Entre as posi\u00e7\u00f5es que defende est\u00e3o a reestatiza\u00e7\u00e3o da CEDAE, a revis\u00e3o de concess\u00f5es de servi\u00e7os p\u00fablicos e pol\u00edticas voltadas \u00e0 valoriza\u00e7\u00e3o do funcionalismo.<\/p>\n<p>M\u00f4nica Benicio tamb\u00e9m vereadora no Rio, \u00e9 arquiteta, urbanista e ativista de direitos humanos. Sua atua\u00e7\u00e3o pol\u00edtica \u00e9 marcada pela defesa dos direitos das mulheres, da popula\u00e7\u00e3o LGBTQIA+ e das periferias. Vi\u00fava da vereadora Marielle Franco, a vereadora mant\u00e9m atua\u00e7\u00e3o vinculada \u00e0 pauta de direitos humanos e \u00e0 mem\u00f3ria e ao legado da parlamentar. <\/p>\n<p>Agora como pr\u00e9-candidata ao Senado, Benicio ressalta o compromisso com o fortalecimento de projetos pol\u00edticos do campo democr\u00e1tico e progressista.<\/p>\n<p>As pr\u00e9-candidaturas fazem parte da estrat\u00e9gia de amplia\u00e7\u00e3o da presen\u00e7a institucional do partido e de participa\u00e7\u00e3o no debate pol\u00edtico estadual e nacional nos pr\u00f3ximos anos.\n<\/p><\/div>\n<p><\/a><\/p>\n<p>Fonte: temporealrj.com<\/p>\n","protected":false},"excerpt":{"rendered":"<p>O PSOL do Rio de Janeiro aprovou, neste s\u00e1bado (11), em sua confer\u00eancia eleitoral, a pr\u00e9-candidatura do vereador William Siri ao governo do estado e da vereadora M\u00f4nica Benicio como pr\u00e9-candidata ao Senado Federal nas elei\u00e7\u00f5es de 2026. A decis\u00e3o ocorre em meio a um cen\u00e1rio de crise no estado. William Siri \u00e9 vereador na [&hellip;]<\/p>\n","protected":false},"author":3,"featured_media":9061,"comment_status":"open","ping_status":"open","sticky":false,"template":"","format":"standard","meta":{"advanced_seo_description":"","jetpack_seo_html_title":"","jetpack_seo_noindex":false,"fifu_image_url":"https:\/\/temporealrj.com\/wp-content\/uploads\/2026\/04\/1775928093250275-e1775928190452.jpg","fifu_image_alt":"","_jetpack_memberships_contains_paid_content":false,"footnotes":"","jetpack_publicize_message":"","jetpack_publicize_feature_enabled":true,"jetpack_social_post_already_shared":true,"jetpack_social_options":{"image_generator_settings":{"template":"highway","default_image_id":0,"font":"","enabled":false},"version":2}},"categories":[107],"tags":[],"class_list":{"0":"post-9060","1":"post","2":"type-post","3":"status-publish","4":"format-standard","5":"has-post-thumbnail","7":"category-economia"},"jetpack_publicize_connections":[],"jetpack_featured_media_url":"https:\/\/i0.wp.com\/temporealrj.com\/wp-content\/uploads\/2026\/04\/1775928093250275-e1775928190452.jpg?fit=%2C&ssl=1","jetpack_sharing_enabled":true,"jetpack-related-posts":[],"_links":{"self":[{"href":"https:\/\/friburgonoticias.com.br\/temp\/wp-json\/wp\/v2\/posts\/9060","targetHints":{"allow":["GET"]}}],"collection":[{"href":"https:\/\/friburgonoticias.com.br\/temp\/wp-json\/wp\/v2\/posts"}],"about":[{"href":"https:\/\/friburgonoticias.com.br\/temp\/wp-json\/wp\/v2\/types\/post"}],"author":[{"embeddable":true,"href":"https:\/\/friburgonoticias.com.br\/temp\/wp-json\/wp\/v2\/users\/3"}],"replies":[{"embeddable":true,"href":"https:\/\/friburgonoticias.com.br\/temp\/wp-json\/wp\/v2\/comments?post=9060"}],"version-history":[{"count":0,"href":"https:\/\/friburgonoticias.com.br\/temp\/wp-json\/wp\/v2\/posts\/9060\/revisions"}],"wp:featuredmedia":[{"embeddable":true,"href":"https:\/\/friburgonoticias.com.br\/temp\/wp-json\/wp\/v2\/media\/9061"}],"wp:attachment":[{"href":"https:\/\/friburgonoticias.com.br\/temp\/wp-json\/wp\/v2\/media?parent=9060"}],"wp:term":[{"taxonomy":"category","embeddable":true,"href":"https:\/\/friburgonoticias.com.br\/temp\/wp-json\/wp\/v2\/categories?post=9060"},{"taxonomy":"post_tag","embeddable":true,"href":"https:\/\/friburgonoticias.com.br\/temp\/wp-json\/wp\/v2\/tags?post=9060"}],"curies":[{"name":"wp","href":"https:\/\/api.w.org\/{rel}","templated":true}]}}