{"id":9070,"date":"2026-04-12T14:42:25","date_gmt":"2026-04-12T14:42:25","guid":{"rendered":"https:\/\/friburgonoticias.com.br\/temp\/2026\/04\/12\/uni-duni-te-qual-lado-vou-escolher-ainda-sem-anunciar-apoio-a-paes-ou-a-douglas-presidente-do-psdb-no-rio-cumpre-agenda-com-cavaliere\/"},"modified":"2026-04-12T14:42:25","modified_gmt":"2026-04-12T14:42:25","slug":"uni-duni-te-qual-lado-vou-escolher-ainda-sem-anunciar-apoio-a-paes-ou-a-douglas-presidente-do-psdb-no-rio-cumpre-agenda-com-cavaliere","status":"publish","type":"post","link":"https:\/\/friburgonoticias.com.br\/temp\/2026\/04\/12\/uni-duni-te-qual-lado-vou-escolher-ainda-sem-anunciar-apoio-a-paes-ou-a-douglas-presidente-do-psdb-no-rio-cumpre-agenda-com-cavaliere\/","title":{"rendered":"Uni duni t\u00ea, qual lado vou escolher? Ainda sem anunciar apoio a Paes ou a Douglas, presidente do PSDB no Rio cumpre agenda com Cavaliere"},"content":{"rendered":"<p><\/p>\n<div itemprop=\"articleBody\">\nO PSDB do Rio \u00e9 <a href=\"https:\/\/temporealrj.com\/juninho-do-pneu-psdb-discordia-nova-iguacu\/\">o \u00faltimo dos grandes partidos<\/a> \u2014 sim, os tucanos voltaram a ser grandes, com seis deputados federais e a segunda maior bancada na C\u00e2mara \u2014 que ainda n\u00e3o escolheu oficialmente em qual canoa vai p\u00f4r os p\u00e9s. Ao contr\u00e1rio de outras legendas, que j\u00e1 tomaram suas posi\u00e7\u00f5es rumo \u00e0s elei\u00e7\u00f5es de outubro, ainda n\u00e3o decidiu se vai apoiar Douglas Ruas (PL), Eduardo Paes (PSD) ou lan\u00e7ar candidato pr\u00f3prio.<\/p>\n<p>O mist\u00e9rio tem prazo para acabar. Mas, enquanto esse dia n\u00e3o chega, <a href=\"https:\/\/temporealrj.com\/ex-jogador-edmundo-idolo-do-vasco-se-filia-ao-psdb-rj\/\">os tucanos<\/a> aproveitam o momento e desfrutam a \u201cfase da conquista\u201d.<\/p>\n<h2 class=\"wp-block-heading\">Inaugura\u00e7\u00e3o de obras na Pavuna, reduto da fam\u00edlia Vieira<\/h2>\n<p>Presidente do PSDB no Rio, o deputado federal Luciano Vieira n\u00e3o se fez de rogado, neste s\u00e1bado (11), durante <a href=\"https:\/\/temporealrj.com\/em-visita-ao-rio-fachin-se-reune-com-cavaliere-lancamento-horizontes-culturais\/\">passeio ao lado do prefeito Eduardo Cavaliere<\/a> (PSD), para a inaugura\u00e7\u00e3o do Bairro Maravilha no Conjunto Falc\u00e3o, e visita \u00e0s obras no Conjunto Hava\u00ed, na\u00a0Pavuna \u2014 reduto eleitoral da fam\u00edlia Vieira na Zona Norte\u00a0da cidade.<\/p>\n<p>\u201cHoje \u00e9 o dia mais especial pra mim. Est\u00e1 ficando tudo muito bonito, valorizando os im\u00f3veis, e o principal, que era acabar com as enchentes que os condom\u00ednios aqui da Rede do Pau sofriam. Eu s\u00f3 tenho\u00a0que te agradecer, Cavaliere, e agradecer ao Eduardo Paes, que esteve aqui comigo l\u00e1 no come\u00e7o, preparando o projeto para que hoje a gente possa comemorar o final dessas obras\u201d, disse.<\/p>\n<p>O evento de inaugura\u00e7\u00e3o tamb\u00e9m contou com a presen\u00e7a da vereadora do Rio, Helena Vieira (PSD).<\/p>\n<p>\u201cEstamos felizes por esse dia, muito bacana, os moradores j\u00e1 sa\u00edram\u00a0para as ruas, j\u00e1 agradeceram. O governo, quando tem rumo, quando tem plano, quando\u00a0tem gest\u00e3o, \u00e9 assim. Mais uma obra que a gente est\u00e1 dando continuidade\u201d, <a href=\"https:\/\/temporealrj.com\/cavaliere-anuncia-acordo-para-aumento-gradual-no-grupo-especial\/\">devolveu Cavaliere<\/a>.\n<\/div>\n<p><\/a><\/p>\n<p>Fonte: temporealrj.com<\/p>\n","protected":false},"excerpt":{"rendered":"<p>O PSDB do Rio \u00e9 o \u00faltimo dos grandes partidos \u2014 sim, os tucanos voltaram a ser grandes, com seis deputados federais e a segunda maior bancada na C\u00e2mara \u2014 que ainda n\u00e3o escolheu oficialmente em qual canoa vai p\u00f4r os p\u00e9s. Ao contr\u00e1rio de outras legendas, que j\u00e1 tomaram suas posi\u00e7\u00f5es rumo \u00e0s elei\u00e7\u00f5es [&hellip;]<\/p>\n","protected":false},"author":3,"featured_media":9071,"comment_status":"open","ping_status":"open","sticky":false,"template":"","format":"standard","meta":{"advanced_seo_description":"","jetpack_seo_html_title":"","jetpack_seo_noindex":false,"fifu_image_url":"https:\/\/temporealrj.com\/wp-content\/uploads\/2026\/04\/WhatsApp-Image-2026-04-12-at-10.11.13-1-e1775999566685.jpeg","fifu_image_alt":"","_jetpack_memberships_contains_paid_content":false,"footnotes":"","jetpack_publicize_message":"","jetpack_publicize_feature_enabled":true,"jetpack_social_post_already_shared":true,"jetpack_social_options":{"image_generator_settings":{"template":"highway","default_image_id":0,"font":"","enabled":false},"version":2}},"categories":[107],"tags":[],"class_list":{"0":"post-9070","1":"post","2":"type-post","3":"status-publish","4":"format-standard","5":"has-post-thumbnail","7":"category-economia"},"jetpack_publicize_connections":[],"jetpack_featured_media_url":"https:\/\/i0.wp.com\/temporealrj.com\/wp-content\/uploads\/2026\/04\/WhatsApp-Image-2026-04-12-at-10.11.13-1-e1775999566685.jpeg?fit=%2C&ssl=1","jetpack_sharing_enabled":true,"jetpack-related-posts":[],"_links":{"self":[{"href":"https:\/\/friburgonoticias.com.br\/temp\/wp-json\/wp\/v2\/posts\/9070","targetHints":{"allow":["GET"]}}],"collection":[{"href":"https:\/\/friburgonoticias.com.br\/temp\/wp-json\/wp\/v2\/posts"}],"about":[{"href":"https:\/\/friburgonoticias.com.br\/temp\/wp-json\/wp\/v2\/types\/post"}],"author":[{"embeddable":true,"href":"https:\/\/friburgonoticias.com.br\/temp\/wp-json\/wp\/v2\/users\/3"}],"replies":[{"embeddable":true,"href":"https:\/\/friburgonoticias.com.br\/temp\/wp-json\/wp\/v2\/comments?post=9070"}],"version-history":[{"count":0,"href":"https:\/\/friburgonoticias.com.br\/temp\/wp-json\/wp\/v2\/posts\/9070\/revisions"}],"wp:featuredmedia":[{"embeddable":true,"href":"https:\/\/friburgonoticias.com.br\/temp\/wp-json\/wp\/v2\/media\/9071"}],"wp:attachment":[{"href":"https:\/\/friburgonoticias.com.br\/temp\/wp-json\/wp\/v2\/media?parent=9070"}],"wp:term":[{"taxonomy":"category","embeddable":true,"href":"https:\/\/friburgonoticias.com.br\/temp\/wp-json\/wp\/v2\/categories?post=9070"},{"taxonomy":"post_tag","embeddable":true,"href":"https:\/\/friburgonoticias.com.br\/temp\/wp-json\/wp\/v2\/tags?post=9070"}],"curies":[{"name":"wp","href":"https:\/\/api.w.org\/{rel}","templated":true}]}}