{"id":9078,"date":"2026-04-12T20:33:52","date_gmt":"2026-04-12T20:33:52","guid":{"rendered":"https:\/\/friburgonoticias.com.br\/temp\/2026\/04\/12\/as-vesperas-de-decisoes-na-politica-do-rio-douglas-roda-o-estado-e-encerra-o-fim-de-semana-sob-as-bencaos-da-igreja-atitude\/"},"modified":"2026-04-12T20:33:52","modified_gmt":"2026-04-12T20:33:52","slug":"as-vesperas-de-decisoes-na-politica-do-rio-douglas-roda-o-estado-e-encerra-o-fim-de-semana-sob-as-bencaos-da-igreja-atitude","status":"publish","type":"post","link":"https:\/\/friburgonoticias.com.br\/temp\/2026\/04\/12\/as-vesperas-de-decisoes-na-politica-do-rio-douglas-roda-o-estado-e-encerra-o-fim-de-semana-sob-as-bencaos-da-igreja-atitude\/","title":{"rendered":"\u00c0s v\u00e9speras de decis\u00f5es na pol\u00edtica do Rio, Douglas roda o estado e encerra o fim de semana sob as b\u00ean\u00e7\u00e3os da Igreja Atitude"},"content":{"rendered":"<p><\/p>\n<div itemprop=\"articleBody\">\nA poucos dias da elei\u00e7\u00e3o do novo presidente da Assembleia Legislativa (Alerj), <a href=\"https:\/\/temporealrj.com\/assembleia-de-deus-governo-estado\/\">Douglas Ruas (PL)<\/a> \u2014 favorito para o cargo \u2014 p\u00f4s o p\u00e9 na estrada e fez um tour pelo estado.<\/p>\n<p>O <a href=\"https:\/\/temporealrj.com\/andre-marinho-douglas-ruas-selam-pacto-da-direita-para-as-eleicoes-de-outubro\/\">deputado estadual<\/a>, que tamb\u00e9m \u00e9 pr\u00e9-candidato ao governo do estado, come\u00e7ou pela Regi\u00e3o dos Lagos, na quinta-feira (09), e terminou na Barra da Tijuca, no domingo (12), sob as b\u00ean\u00e7\u00e3os do pastor Josu\u00e9 Valandro, da<a href=\"https:\/\/temporealrj.com\/secretaria-estadual-de-turismo-patrocina-com-r-7-milhoes-festival-da-igreja-atitude-que-vai-ocupar-o-maracana-na-virada-do-ano\/\"> Igreja Batista Atitude<\/a>.<\/p>\n<p>Em Cabo Frio, Douglas prestigiou festa pela filia\u00e7\u00e3o da Dr\u00aa Gabriela \u2014\u00a0irm\u00e3 do prefeito da cidade, Dr. Serginho \u2014 que vai assumir o PL Mulher no munic\u00edpio. J\u00e1 no s\u00e1bado, ele esteve em Nova Igua\u00e7u, na Baixada Fluminense, no evento de filia\u00e7\u00e3o do deputado estadual Felipinho Ravis ao PP.<\/p>\n<p>\u201cEssa \u00e9 uma mensagem de uni\u00e3o em prol da regi\u00e3o e de todo o nosso estado\u201d, disse.<\/p>\n<p>Ainda no s\u00e1bado, o pol\u00edtico esteve em Resende, na 1\u00aa Expo Agulhas Negras.<\/p>\n<p>\u201cMaior feira de neg\u00f3cios do interior do estado, uma regi\u00e3o muito especial, seja nas atividades urbanas ou rurais. Precisamos cada vez mais estimular o potencial dos nossos munic\u00edpios, construindo solu\u00e7\u00f5es com parceria e di\u00e1logo\u201d, disse.<\/p>\n<p>Fechando o passeio pelo estado, o pr\u00e9-candidato ao governo esteve, neste domingo (12), na Igreja Batista Atitude, na Barra da Tijuca \u2014 onde Michele Bolsonaro, presidente nacional do PL Mulher, \u00e9 membro atuante \u2014 lado do deputado estadual Alexandre Knoploch (PL).<\/p>\n<p>\u201cDomingo de ora\u00e7\u00e3o e louvor sob as b\u00ean\u00e7\u00e3os do pastor Josu\u00e9 Valandro\u201d, escreveu Douglas em uma postagem nas redes sociais.\n<\/p><\/div>\n<p><\/a><\/p>\n<p>Fonte: temporealrj.com<\/p>\n","protected":false},"excerpt":{"rendered":"<p>A poucos dias da elei\u00e7\u00e3o do novo presidente da Assembleia Legislativa (Alerj), Douglas Ruas (PL) \u2014 favorito para o cargo \u2014 p\u00f4s o p\u00e9 na estrada e fez um tour pelo estado. O deputado estadual, que tamb\u00e9m \u00e9 pr\u00e9-candidato ao governo do estado, come\u00e7ou pela Regi\u00e3o dos Lagos, na quinta-feira (09), e terminou na Barra [&hellip;]<\/p>\n","protected":false},"author":3,"featured_media":9079,"comment_status":"open","ping_status":"open","sticky":false,"template":"","format":"standard","meta":{"advanced_seo_description":"","jetpack_seo_html_title":"","jetpack_seo_noindex":false,"fifu_image_url":"https:\/\/temporealrj.com\/wp-content\/uploads\/2026\/04\/1776021454663950-e1776024174641.jpg","fifu_image_alt":"","_jetpack_memberships_contains_paid_content":false,"footnotes":"","jetpack_publicize_message":"","jetpack_publicize_feature_enabled":true,"jetpack_social_post_already_shared":true,"jetpack_social_options":{"image_generator_settings":{"template":"highway","default_image_id":0,"font":"","enabled":false},"version":2}},"categories":[107],"tags":[],"class_list":{"0":"post-9078","1":"post","2":"type-post","3":"status-publish","4":"format-standard","5":"has-post-thumbnail","7":"category-economia"},"jetpack_publicize_connections":[],"jetpack_featured_media_url":"https:\/\/i0.wp.com\/temporealrj.com\/wp-content\/uploads\/2026\/04\/1776021454663950-e1776024174641.jpg?fit=%2C&ssl=1","jetpack_sharing_enabled":true,"jetpack-related-posts":[],"_links":{"self":[{"href":"https:\/\/friburgonoticias.com.br\/temp\/wp-json\/wp\/v2\/posts\/9078","targetHints":{"allow":["GET"]}}],"collection":[{"href":"https:\/\/friburgonoticias.com.br\/temp\/wp-json\/wp\/v2\/posts"}],"about":[{"href":"https:\/\/friburgonoticias.com.br\/temp\/wp-json\/wp\/v2\/types\/post"}],"author":[{"embeddable":true,"href":"https:\/\/friburgonoticias.com.br\/temp\/wp-json\/wp\/v2\/users\/3"}],"replies":[{"embeddable":true,"href":"https:\/\/friburgonoticias.com.br\/temp\/wp-json\/wp\/v2\/comments?post=9078"}],"version-history":[{"count":0,"href":"https:\/\/friburgonoticias.com.br\/temp\/wp-json\/wp\/v2\/posts\/9078\/revisions"}],"wp:featuredmedia":[{"embeddable":true,"href":"https:\/\/friburgonoticias.com.br\/temp\/wp-json\/wp\/v2\/media\/9079"}],"wp:attachment":[{"href":"https:\/\/friburgonoticias.com.br\/temp\/wp-json\/wp\/v2\/media?parent=9078"}],"wp:term":[{"taxonomy":"category","embeddable":true,"href":"https:\/\/friburgonoticias.com.br\/temp\/wp-json\/wp\/v2\/categories?post=9078"},{"taxonomy":"post_tag","embeddable":true,"href":"https:\/\/friburgonoticias.com.br\/temp\/wp-json\/wp\/v2\/tags?post=9078"}],"curies":[{"name":"wp","href":"https:\/\/api.w.org\/{rel}","templated":true}]}}