{"id":9080,"date":"2026-04-13T13:00:21","date_gmt":"2026-04-13T13:00:21","guid":{"rendered":"https:\/\/friburgonoticias.com.br\/temp\/2026\/04\/13\/prefeitura-de-niteroi-suspende-resultado-de-processo-seletivo-apos-candidatos-enviarem-denuncia-ao-mprj\/"},"modified":"2026-04-13T13:00:21","modified_gmt":"2026-04-13T13:00:21","slug":"prefeitura-de-niteroi-suspende-resultado-de-processo-seletivo-apos-candidatos-enviarem-denuncia-ao-mprj","status":"publish","type":"post","link":"https:\/\/friburgonoticias.com.br\/temp\/2026\/04\/13\/prefeitura-de-niteroi-suspende-resultado-de-processo-seletivo-apos-candidatos-enviarem-denuncia-ao-mprj\/","title":{"rendered":"Prefeitura de Niter\u00f3i suspende resultado de processo seletivo ap\u00f3s candidatos enviarem den\u00fancia ao MPRJ"},"content":{"rendered":"<p><\/p>\n<div itemprop=\"articleBody\">\nA <a href=\"https:\/\/temporealrj.com\/iptu-social-niteroi-mcmv-projeto\/\">Prefeitura de Niter\u00f3i<\/a> decidiu suspender a convoca\u00e7\u00e3o de um processo seletivo da Funda\u00e7\u00e3o Municipal de Sa\u00fade (FMS), ap\u00f3s uma den\u00fancia de irregularidades sobre o processo ser encaminhada ao <a href=\"https:\/\/temporealrj.com\/mprj-pede-afastar-interino-rioprevidencia\/\">Minist\u00e9rio P\u00fablico do Rio (MPRJ)<\/a>. O documento acusa supostas falhas na contagem de pontos da experi\u00eancia profissional de candidatos para o sistema prisional \u2014 crit\u00e9rio de maior peso no edital.<\/p>\n<p>De acordo com a representa\u00e7\u00e3o, a banca examinadora teria classificado profissionais para cargos de gest\u00e3o, psicologia e servi\u00e7o social sem a devida comprova\u00e7\u00e3o de atua\u00e7\u00e3o na \u00e1rea penal. Candidatos no processo, os autores da queixa cruzaram dados dos aprovados com o Cadastro Nacional de Estabelecimentos de Sa\u00fade e constataram que os primeiros colocados em Niter\u00f3i n\u00e3o possu\u00edam hist\u00f3rico no sistema prisional.<\/p>\n<p>A den\u00fancia alega que a Prefeitura de Niter\u00f3i aceitou experi\u00eancias em outras \u00e1reas da sa\u00fade, o que vai contra as exig\u00eancias iniciais previstas no edital. Antes de recorrer ao MPRJ, candidatos apresentaram recursos administrativos junto \u00e0 banca, mas as solicita\u00e7\u00f5es de reavalia\u00e7\u00e3o foram indeferidas na ocasi\u00e3o.<\/p>\n<h2 class=\"wp-block-heading\">Prefeitura de Niter\u00f3i vai revisar convoca\u00e7\u00e3o e apurar poss\u00edveis falhas no resultado<\/h2>\n<p>Em nota oficial, a Prefeitura de Niter\u00f3i disse que vai fazer uma revis\u00e3o completa da pontua\u00e7\u00e3o com base nos crit\u00e9rios do edital. O objetivo da medida, segundo o munic\u00edpio, \u00e9 evitar preju\u00edzos aos participantes e garantir a integridade da sele\u00e7\u00e3o. Ainda n\u00e3o h\u00e1 previs\u00e3o para a divulga\u00e7\u00e3o do novo resultado; a \u00faltima atualiza\u00e7\u00e3o do certame tinha sido divulgada em 31 de mar\u00e7o.<\/p>\n<p>Al\u00e9m da revis\u00e3o das notas, a Secretaria de Sa\u00fade tamb\u00e9m abriu uma apura\u00e7\u00e3o interna para verificar poss\u00edveis falhas na aplica\u00e7\u00e3o dos crit\u00e9rios de avalia\u00e7\u00e3o. A pasta garantiu seu compromisso com \u201ca transpar\u00eancia e a lisura\u201d nos processos seletivos. O cronograma de contrata\u00e7\u00f5es tempor\u00e1rias permanece interrompido.<\/p>\n<p><em>Com informa\u00e7\u00f5es do jornal \u201cO Globo\u201d.<\/em>\n<\/div>\n<p><\/a><\/p>\n<p>Fonte: temporealrj.com<\/p>\n","protected":false},"excerpt":{"rendered":"<p>A Prefeitura de Niter\u00f3i decidiu suspender a convoca\u00e7\u00e3o de um processo seletivo da Funda\u00e7\u00e3o Municipal de Sa\u00fade (FMS), ap\u00f3s uma den\u00fancia de irregularidades sobre o processo ser encaminhada ao Minist\u00e9rio P\u00fablico do Rio (MPRJ). O documento acusa supostas falhas na contagem de pontos da experi\u00eancia profissional de candidatos para o sistema prisional \u2014 crit\u00e9rio de [&hellip;]<\/p>\n","protected":false},"author":3,"featured_media":9081,"comment_status":"open","ping_status":"open","sticky":false,"template":"","format":"standard","meta":{"advanced_seo_description":"","jetpack_seo_html_title":"","jetpack_seo_noindex":false,"fifu_image_url":"https:\/\/temporealrj.com\/wp-content\/uploads\/2026\/04\/Fachada-da-sede-da-Prefeitura-de-Niteroi-e1776083578583.png","fifu_image_alt":"","_jetpack_memberships_contains_paid_content":false,"footnotes":"","jetpack_publicize_message":"","jetpack_publicize_feature_enabled":true,"jetpack_social_post_already_shared":true,"jetpack_social_options":{"image_generator_settings":{"template":"highway","default_image_id":0,"font":"","enabled":false},"version":2}},"categories":[107],"tags":[],"class_list":{"0":"post-9080","1":"post","2":"type-post","3":"status-publish","4":"format-standard","5":"has-post-thumbnail","7":"category-economia"},"jetpack_publicize_connections":[],"jetpack_featured_media_url":"https:\/\/i0.wp.com\/temporealrj.com\/wp-content\/uploads\/2026\/04\/Fachada-da-sede-da-Prefeitura-de-Niteroi-e1776083578583.png?fit=%2C&ssl=1","jetpack_sharing_enabled":true,"jetpack-related-posts":[],"_links":{"self":[{"href":"https:\/\/friburgonoticias.com.br\/temp\/wp-json\/wp\/v2\/posts\/9080","targetHints":{"allow":["GET"]}}],"collection":[{"href":"https:\/\/friburgonoticias.com.br\/temp\/wp-json\/wp\/v2\/posts"}],"about":[{"href":"https:\/\/friburgonoticias.com.br\/temp\/wp-json\/wp\/v2\/types\/post"}],"author":[{"embeddable":true,"href":"https:\/\/friburgonoticias.com.br\/temp\/wp-json\/wp\/v2\/users\/3"}],"replies":[{"embeddable":true,"href":"https:\/\/friburgonoticias.com.br\/temp\/wp-json\/wp\/v2\/comments?post=9080"}],"version-history":[{"count":0,"href":"https:\/\/friburgonoticias.com.br\/temp\/wp-json\/wp\/v2\/posts\/9080\/revisions"}],"wp:featuredmedia":[{"embeddable":true,"href":"https:\/\/friburgonoticias.com.br\/temp\/wp-json\/wp\/v2\/media\/9081"}],"wp:attachment":[{"href":"https:\/\/friburgonoticias.com.br\/temp\/wp-json\/wp\/v2\/media?parent=9080"}],"wp:term":[{"taxonomy":"category","embeddable":true,"href":"https:\/\/friburgonoticias.com.br\/temp\/wp-json\/wp\/v2\/categories?post=9080"},{"taxonomy":"post_tag","embeddable":true,"href":"https:\/\/friburgonoticias.com.br\/temp\/wp-json\/wp\/v2\/tags?post=9080"}],"curies":[{"name":"wp","href":"https:\/\/api.w.org\/{rel}","templated":true}]}}