{"id":9130,"date":"2026-04-14T18:27:21","date_gmt":"2026-04-14T18:27:21","guid":{"rendered":"https:\/\/friburgonoticias.com.br\/temp\/2026\/04\/14\/comissao-aprova-medidas-protetivas-de-urgencia-para-vitimas-de-racismo-noticias\/"},"modified":"2026-04-14T18:27:21","modified_gmt":"2026-04-14T18:27:21","slug":"comissao-aprova-medidas-protetivas-de-urgencia-para-vitimas-de-racismo-noticias","status":"publish","type":"post","link":"https:\/\/friburgonoticias.com.br\/temp\/2026\/04\/14\/comissao-aprova-medidas-protetivas-de-urgencia-para-vitimas-de-racismo-noticias\/","title":{"rendered":"Comiss\u00e3o aprova medidas protetivas de urg\u00eancia para v\u00edtimas de racismo &#8211; Not\u00edcias"},"content":{"rendered":"<p><\/p>\n<div>\n<p class=\"g-artigo__data-hora\">\n                                            14\/04\/2026 &#8211; 15:04 \u00a0\n                                        <\/p>\n<div id=\"image-container-1222574\" class=\"image-container\" style=\"float: none; margin: 45px 0px; width: 100%;\" data-midia=\"1222574\">\n                <em>Kayo Magalh\u00e3es \/ C\u00e2mara dos Deputados<\/em><\/p>\n<p>                Daiana Santos: &#8220;O racismo no Brasil n\u00e3o \u00e9 um acidente, mas uma estrutura&#8221;\n                <\/p><\/div>\n<p>                A Comiss\u00e3o de Direitos Humanos, Minorias e Igualdade Racial da C\u00e2mara dos Deputados aprovou projeto de lei que cria medidas protetivas de urg\u00eancia para v\u00edtimas de racismo, prev\u00ea atendimento psicossocial e determina que agressores participem de programas de reeduca\u00e7\u00e3o.<br \/>\n                O texto aprovado \u00e9 a vers\u00e3o da relatora, deputada Daiana Santos (PCdoB-RS), para o <a class=\"linkProposicao\" href=\"https:\/\/www.camara.leg.br\/noticias\/944643-projeto-garante-acompanhamento-psicossocial-para-vitimas-de-crime-de-racismo\">Projeto de Lei 749\/23<\/a>, da deputada Denise Pess\u00f4a (PT-RS), e para uma proposta que tramita em conjunto. A relatora unificou as duas iniciativas.<br \/>\n                \u201cAs propostas trazem inova\u00e7\u00f5es que ultrapassam o paradigma meramente punitivista e inscrevem-se na luta mais ampla por justi\u00e7a racial, que \u00e9 hist\u00f3rica e estrutural\u201d, afirmou Daiana Santos.<br \/>\n                Segundo Denise Pess\u00f4a, o racismo \u201cpersiste como uma das mais graves viola\u00e7\u00f5es de direitos humanos no Brasil\u201d.<br \/>\n                <strong>Medidas ampliadas<\/strong><br \/>O texto <span id=\"4098\" class=\"termoGlossario\" title=\"Nome que se d\u00e1 ao texto que altera substancialmente o conte\u00fado original da proposta. O substitutivo \u00e9 apresentado pelo relator e tem prefer\u00eancia na vota\u00e7\u00e3o sobre o projeto original.\" contenteditable=\"false\" data-toggle=\"tooltip\" data-placement=\"top\">substitutivo<\/span> aprovado altera a <a class=\"linkLegislacao\" href=\"https:\/\/www2.camara.gov.br\/legin\/fed\/lei\/1989\/lei-7716-5-janeiro-1989-356354-norma-pl.html\">Lei do Racismo<\/a>, que define os crimes de preconceito de ra\u00e7a ou de cor. Em rela\u00e7\u00e3o \u00e0 proposta original, a vers\u00e3o da relatora aumenta o alcance das medidas.<br \/>\n                Entre outros pontos, o texto assegura \u00e0s v\u00edtimas:<\/p>\n<ul>\n<li>atendimento especializado;<\/li>\n<li>prote\u00e7\u00e3o contra revitimiza\u00e7\u00e3o;<\/li>\n<li>respeito \u00e0 integridade f\u00edsica e psicol\u00f3gica;<\/li>\n<li>encaminhamento \u00e0 assist\u00eancia judici\u00e1ria; e<\/li>\n<li>acesso a servi\u00e7os psicossociais.<\/li>\n<\/ul>\n<p>                <strong>Reeduca\u00e7\u00e3o de agressores<\/strong><br \/>O substitutivo prev\u00ea que os ju\u00edzes poder\u00e3o contar com aux\u00edlio de equipe multidisciplinar nas \u00e1reas psicossocial, jur\u00eddica e de sa\u00fade.<br \/>\n                O texto ainda autoriza o juiz a aplicar medidas protetivas de urg\u00eancia e encaminhar o r\u00e9u a programas de recupera\u00e7\u00e3o e reeduca\u00e7\u00e3o, \u201ca exemplo de grupos reflexivos antirracismo\u201d.<\/p>\n<p>                <strong>Outras formas de discrimina\u00e7\u00e3o<\/strong><br \/>A proposta estende a prote\u00e7\u00e3o a outros grupos ao criminalizar a discrimina\u00e7\u00e3o em raz\u00e3o de orienta\u00e7\u00e3o sexual, identidade ou express\u00e3o de g\u00eanero, com os mesmos direitos e garantias previstos para v\u00edtimas de racismo.<br \/>\n                <strong>Pr\u00f3ximos passos<\/strong><br \/>O projeto ainda ser\u00e1 analisado em <span id=\"4322\" class=\"termoGlossario\" title=\"Rito de tramita\u00e7\u00e3o pelo qual o projeto \u00e9 votado apenas pelas comiss\u00f5es designadas para analis\u00e1-lo, dispensada a delibera\u00e7\u00e3o do Plen\u00e1rio. O projeto perde o car\u00e1ter conclusivo se houver decis\u00e3o divergente entre as comiss\u00f5es ou se, independentemente de ser aprovado ou rejeitado, houver recurso assinado por 52 deputados para a aprecia\u00e7\u00e3o da mat\u00e9ria no Plen\u00e1rio.\" contenteditable=\"false\" data-toggle=\"tooltip\" data-placement=\"top\">car\u00e1ter conclusivo<\/span> pela Comiss\u00e3o de Constitui\u00e7\u00e3o e Justi\u00e7a e de Cidadania. Para virar lei, ter\u00e1 de ser aprovado pela C\u00e2mara e pelo Senado.<\/p>\n<p style=\"font-size: 0.8rem; font-weight: 700;\">Da Reportagem\/RM<br \/>Edi\u00e7\u00e3o \u2013 Natalia Doederlein<\/p>\n<\/p><\/div>\n<p><\/a><\/p>\n<p>Fonte: www.camara.leg.br<\/p>\n","protected":false},"excerpt":{"rendered":"<p>14\/04\/2026 &#8211; 15:04 \u00a0 Kayo Magalh\u00e3es \/ C\u00e2mara dos Deputados Daiana Santos: &#8220;O racismo no Brasil n\u00e3o \u00e9 um acidente, mas uma estrutura&#8221; A Comiss\u00e3o de Direitos Humanos, Minorias e Igualdade Racial da C\u00e2mara dos Deputados aprovou projeto de lei que cria medidas protetivas de urg\u00eancia para v\u00edtimas de racismo, prev\u00ea atendimento psicossocial e determina [&hellip;]<\/p>\n","protected":false},"author":3,"featured_media":9131,"comment_status":"open","ping_status":"open","sticky":false,"template":"","format":"standard","meta":{"advanced_seo_description":"","jetpack_seo_html_title":"","jetpack_seo_noindex":false,"fifu_image_url":"https:\/\/www.camara.leg.br\/midias\/image\/2025\/11\/img20251015195316779-768x473.jpg","fifu_image_alt":"","_jetpack_memberships_contains_paid_content":false,"footnotes":"","jetpack_publicize_message":"","jetpack_publicize_feature_enabled":true,"jetpack_social_post_already_shared":true,"jetpack_social_options":{"image_generator_settings":{"template":"highway","default_image_id":0,"font":"","enabled":false},"version":2}},"categories":[106,1],"tags":[],"class_list":{"0":"post-9130","1":"post","2":"type-post","3":"status-publish","4":"format-standard","5":"has-post-thumbnail","7":"category-politica","8":"category-uncategorized"},"jetpack_publicize_connections":[],"jetpack_featured_media_url":"https:\/\/i0.wp.com\/www.camara.leg.br\/midias\/image\/2025\/11\/img20251015195316779-768x473.jpg?fit=%2C&ssl=1","jetpack_sharing_enabled":true,"jetpack-related-posts":[],"_links":{"self":[{"href":"https:\/\/friburgonoticias.com.br\/temp\/wp-json\/wp\/v2\/posts\/9130","targetHints":{"allow":["GET"]}}],"collection":[{"href":"https:\/\/friburgonoticias.com.br\/temp\/wp-json\/wp\/v2\/posts"}],"about":[{"href":"https:\/\/friburgonoticias.com.br\/temp\/wp-json\/wp\/v2\/types\/post"}],"author":[{"embeddable":true,"href":"https:\/\/friburgonoticias.com.br\/temp\/wp-json\/wp\/v2\/users\/3"}],"replies":[{"embeddable":true,"href":"https:\/\/friburgonoticias.com.br\/temp\/wp-json\/wp\/v2\/comments?post=9130"}],"version-history":[{"count":0,"href":"https:\/\/friburgonoticias.com.br\/temp\/wp-json\/wp\/v2\/posts\/9130\/revisions"}],"wp:featuredmedia":[{"embeddable":true,"href":"https:\/\/friburgonoticias.com.br\/temp\/wp-json\/wp\/v2\/media\/9131"}],"wp:attachment":[{"href":"https:\/\/friburgonoticias.com.br\/temp\/wp-json\/wp\/v2\/media?parent=9130"}],"wp:term":[{"taxonomy":"category","embeddable":true,"href":"https:\/\/friburgonoticias.com.br\/temp\/wp-json\/wp\/v2\/categories?post=9130"},{"taxonomy":"post_tag","embeddable":true,"href":"https:\/\/friburgonoticias.com.br\/temp\/wp-json\/wp\/v2\/tags?post=9130"}],"curies":[{"name":"wp","href":"https:\/\/api.w.org\/{rel}","templated":true}]}}