{"id":9146,"date":"2026-04-14T23:58:20","date_gmt":"2026-04-14T23:58:20","guid":{"rendered":"https:\/\/friburgonoticias.com.br\/temp\/2026\/04\/14\/justica-eleitoral-do-rio-comunica-ao-tse-que-concluiu-a-retotalizacao-dos-votos-de-2022-a-bola-agora-esta-com-a-alerj-e-o-tribunal-superior\/"},"modified":"2026-04-14T23:58:20","modified_gmt":"2026-04-14T23:58:20","slug":"justica-eleitoral-do-rio-comunica-ao-tse-que-concluiu-a-retotalizacao-dos-votos-de-2022-a-bola-agora-esta-com-a-alerj-e-o-tribunal-superior","status":"publish","type":"post","link":"https:\/\/friburgonoticias.com.br\/temp\/2026\/04\/14\/justica-eleitoral-do-rio-comunica-ao-tse-que-concluiu-a-retotalizacao-dos-votos-de-2022-a-bola-agora-esta-com-a-alerj-e-o-tribunal-superior\/","title":{"rendered":"Justi\u00e7a Eleitoral do Rio comunica ao TSE que concluiu a retotaliza\u00e7\u00e3o dos votos de 2022; a bola agora est\u00e1 com a Alerj e o tribunal superior"},"content":{"rendered":"<p><\/p>\n<div itemprop=\"articleBody\">\nO presidente do Tribunal Regional Eleitoral (TRE-RJ), Claudio de Mello Tavares, enviou of\u00edcio ao Tribunal Superior Eleitoral (TSE), no fim da tarde desta ter\u00e7a-feira (14), informando a conclus\u00e3o da retotaliza\u00e7\u00e3o dos votos das elei\u00e7\u00f5es de 2022 para deputado estadual.<\/p>\n<p>No of\u00edcio encaminhado \u00e0 ministra C\u00e1rmen L\u00facia, Mello Tavares comunica que o plen\u00e1rio da corte fluminense homologou o novo resultado em cumprimento \u00e0 decis\u00e3o do TSE, que determinou a cassa\u00e7\u00e3o do diploma de Rodrigo Bacellar e a redistribui\u00e7\u00e3o dos votos. <\/p>\n<p>Com isso, a Justi\u00e7a Eleitoral do Rio d\u00e1 por encerrada sua parte na execu\u00e7\u00e3o da ordem vinda de Bras\u00edlia.<\/p>\n<p>A medida tem efeito pol\u00edtico, mais do que burocr\u00e1tico. Abre caminho para a recomposi\u00e7\u00e3o formal da Assembleia Legislativa do Rio e, por consequ\u00eancia, para a elei\u00e7\u00e3o do presidente da casa \u2014 num momento em que a crise sucess\u00f3ria do estado segue embaralhando a pol\u00edtica fluminense.<\/p>\n<p>O TRE cumpriu, comunicou e devolveu a bola.<\/p>\n<p>Agora, com a retotaliza\u00e7\u00e3o oficialmente conclu\u00edda e informada ao TSE, a press\u00e3o se desloca. Vai para a Assembleia Legislativa, que pode organizar a elei\u00e7\u00e3o para o substituto de Bacellar no comando da casa.<\/p>\n<p>E para o pr\u00f3prio TSE \u2014 que precisa publicar o seu ac\u00f3rd\u00e3o, j\u00e1 que a<a href=\"https:\/\/temporealrj.com\/castro-bacellar-condenados-ceperj-tse\/\"> decis\u00e3o do dia 24 de mar\u00e7o<\/a> j\u00e1 foi integralmente cumprida.\n<\/div>\n<p><\/a><\/p>\n<p>Fonte: temporealrj.com<\/p>\n","protected":false},"excerpt":{"rendered":"<p>O presidente do Tribunal Regional Eleitoral (TRE-RJ), Claudio de Mello Tavares, enviou of\u00edcio ao Tribunal Superior Eleitoral (TSE), no fim da tarde desta ter\u00e7a-feira (14), informando a conclus\u00e3o da retotaliza\u00e7\u00e3o dos votos das elei\u00e7\u00f5es de 2022 para deputado estadual. No of\u00edcio encaminhado \u00e0 ministra C\u00e1rmen L\u00facia, Mello Tavares comunica que o plen\u00e1rio da corte fluminense [&hellip;]<\/p>\n","protected":false},"author":3,"featured_media":9147,"comment_status":"open","ping_status":"open","sticky":false,"template":"","format":"standard","meta":{"advanced_seo_description":"","jetpack_seo_html_title":"","jetpack_seo_noindex":false,"fifu_image_url":"https:\/\/temporealrj.com\/wp-content\/uploads\/2026\/04\/WhatsApp-Image-2026-04-14-at-18.53.49.jpeg","fifu_image_alt":"","_jetpack_memberships_contains_paid_content":false,"footnotes":"","jetpack_publicize_message":"","jetpack_publicize_feature_enabled":true,"jetpack_social_post_already_shared":true,"jetpack_social_options":{"image_generator_settings":{"template":"highway","default_image_id":0,"font":"","enabled":false},"version":2}},"categories":[107],"tags":[],"class_list":{"0":"post-9146","1":"post","2":"type-post","3":"status-publish","4":"format-standard","5":"has-post-thumbnail","7":"category-economia"},"jetpack_publicize_connections":[],"jetpack_featured_media_url":"https:\/\/i0.wp.com\/temporealrj.com\/wp-content\/uploads\/2026\/04\/WhatsApp-Image-2026-04-14-at-18.53.49.jpeg?fit=%2C&ssl=1","jetpack_sharing_enabled":true,"jetpack-related-posts":[],"_links":{"self":[{"href":"https:\/\/friburgonoticias.com.br\/temp\/wp-json\/wp\/v2\/posts\/9146","targetHints":{"allow":["GET"]}}],"collection":[{"href":"https:\/\/friburgonoticias.com.br\/temp\/wp-json\/wp\/v2\/posts"}],"about":[{"href":"https:\/\/friburgonoticias.com.br\/temp\/wp-json\/wp\/v2\/types\/post"}],"author":[{"embeddable":true,"href":"https:\/\/friburgonoticias.com.br\/temp\/wp-json\/wp\/v2\/users\/3"}],"replies":[{"embeddable":true,"href":"https:\/\/friburgonoticias.com.br\/temp\/wp-json\/wp\/v2\/comments?post=9146"}],"version-history":[{"count":0,"href":"https:\/\/friburgonoticias.com.br\/temp\/wp-json\/wp\/v2\/posts\/9146\/revisions"}],"wp:featuredmedia":[{"embeddable":true,"href":"https:\/\/friburgonoticias.com.br\/temp\/wp-json\/wp\/v2\/media\/9147"}],"wp:attachment":[{"href":"https:\/\/friburgonoticias.com.br\/temp\/wp-json\/wp\/v2\/media?parent=9146"}],"wp:term":[{"taxonomy":"category","embeddable":true,"href":"https:\/\/friburgonoticias.com.br\/temp\/wp-json\/wp\/v2\/categories?post=9146"},{"taxonomy":"post_tag","embeddable":true,"href":"https:\/\/friburgonoticias.com.br\/temp\/wp-json\/wp\/v2\/tags?post=9146"}],"curies":[{"name":"wp","href":"https:\/\/api.w.org\/{rel}","templated":true}]}}