{"id":9148,"date":"2026-04-15T00:22:21","date_gmt":"2026-04-15T00:22:21","guid":{"rendered":"https:\/\/friburgonoticias.com.br\/temp\/2026\/04\/15\/alerj-aprova-projeto-para-incluir-cachoeiras-de-macacu-rio-bonito-e-petropolis-no-bilhete-unico-intermunicipal\/"},"modified":"2026-04-15T00:22:21","modified_gmt":"2026-04-15T00:22:21","slug":"alerj-aprova-projeto-para-incluir-cachoeiras-de-macacu-rio-bonito-e-petropolis-no-bilhete-unico-intermunicipal","status":"publish","type":"post","link":"https:\/\/friburgonoticias.com.br\/temp\/2026\/04\/15\/alerj-aprova-projeto-para-incluir-cachoeiras-de-macacu-rio-bonito-e-petropolis-no-bilhete-unico-intermunicipal\/","title":{"rendered":"Alerj aprova projeto para incluir Cachoeiras de Macacu, Rio Bonito e Petr\u00f3polis no Bilhete \u00danico Intermunicipal"},"content":{"rendered":"<p><\/p>\n<div itemprop=\"articleBody\">\nA Assembleia Legislativa do Rio (Alerj) aprovou, nesta ter\u00e7a-feira (14), <a href=\"https:\/\/temporealrj.com\/bilhete-unico-intermunicipal\/\">um projeto de lei <\/a>de autoria do presidente em exerc\u00edcio, deputado Guilherme Delaroli (PL), que inclui as cidades de Cachoeiras de Macacu, Rio Bonito e Petr\u00f3polis na \u00e1rea de abrang\u00eancia do Bilhete \u00danico Intermunicipal. O projeto agora segue para san\u00e7\u00e3o do <a href=\"https:\/\/temporealrj.com\/interino-ponto-facultativo-dia-24-sao-jorge\/\">governador interino do Rio<\/a>. <\/p>\n<p>O texto altera a lei do Bilhete \u00danico Intermunicipal, de 2009, para que a rela\u00e7\u00e3o de cidades da Regi\u00e3o Metropolitana, onde o benef\u00edcio \u00e9 v\u00e1lido, passe a seguir a Lei Complementar 184\/18, que passou a abranger Cachoeiras de Macacu, Rio Bonito e Petr\u00f3polis. Segundo Delaroli, a atualiza\u00e7\u00e3o da legisla\u00e7\u00e3o ir\u00e1 beneficiar milhares de pessoas.<\/p>\n<p>\u201cOs munic\u00edpios que fazem parte da Regi\u00e3o Metropolitana foram modificados em 2018 e a lei do Bilhete \u00danico, que \u00e9 de 2009, n\u00e3o acompanhou essa mudan\u00e7a. Isso acabou deixando milhares de pessoas de fora desse benef\u00edcio. Precisamos corrigir incluindo Cachoeiras de Macacu, Rio Bonito e Petr\u00f3polis\u201d, <a href=\"https:\/\/temporealrj.com\/presidente-alerj-delaroli-tre\/\">afirmou o presidente da Alerj<\/a>, que concedeu coautoria do projeto ao deputado Fl\u00e1vio Serafini (PSOL).<\/p>\n<p>Atualmente, o Bilhete \u00danico Intermunicipal \u00e9 v\u00e1lido nos munic\u00edpios de Belford Roxo, Duque de Caxias, Guapimirim, Itabora\u00ed, Itagua\u00ed, Japeri, Mag\u00e9, Mangaratiba, Maric\u00e1, Mesquita, Nil\u00f3polis, Niter\u00f3i, Nova Igua\u00e7u, Paracambi, Queimados, Rio de Janeiro, S\u00e3o Gon\u00e7alo, S\u00e3o Jo\u00e3o de Meriti, Serop\u00e9dica e Tangu\u00e1.\n<\/p><\/div>\n<p><\/a><\/p>\n<p>Fonte: temporealrj.com<\/p>\n","protected":false},"excerpt":{"rendered":"<p>A Assembleia Legislativa do Rio (Alerj) aprovou, nesta ter\u00e7a-feira (14), um projeto de lei de autoria do presidente em exerc\u00edcio, deputado Guilherme Delaroli (PL), que inclui as cidades de Cachoeiras de Macacu, Rio Bonito e Petr\u00f3polis na \u00e1rea de abrang\u00eancia do Bilhete \u00danico Intermunicipal. O projeto agora segue para san\u00e7\u00e3o do governador interino do Rio. [&hellip;]<\/p>\n","protected":false},"author":3,"featured_media":9149,"comment_status":"open","ping_status":"open","sticky":false,"template":"","format":"standard","meta":{"advanced_seo_description":"","jetpack_seo_html_title":"","jetpack_seo_noindex":false,"fifu_image_url":"https:\/\/temporealrj.com\/wp-content\/uploads\/2026\/04\/bilhete-unico-intermunicipal-e1776202579568.jpeg","fifu_image_alt":"","_jetpack_memberships_contains_paid_content":false,"footnotes":"","jetpack_publicize_message":"","jetpack_publicize_feature_enabled":true,"jetpack_social_post_already_shared":true,"jetpack_social_options":{"image_generator_settings":{"template":"highway","default_image_id":0,"font":"","enabled":false},"version":2}},"categories":[107],"tags":[],"class_list":{"0":"post-9148","1":"post","2":"type-post","3":"status-publish","4":"format-standard","5":"has-post-thumbnail","7":"category-economia"},"jetpack_publicize_connections":[],"jetpack_featured_media_url":"https:\/\/i0.wp.com\/temporealrj.com\/wp-content\/uploads\/2026\/04\/bilhete-unico-intermunicipal-e1776202579568.jpeg?fit=%2C&ssl=1","jetpack_sharing_enabled":true,"jetpack-related-posts":[],"_links":{"self":[{"href":"https:\/\/friburgonoticias.com.br\/temp\/wp-json\/wp\/v2\/posts\/9148","targetHints":{"allow":["GET"]}}],"collection":[{"href":"https:\/\/friburgonoticias.com.br\/temp\/wp-json\/wp\/v2\/posts"}],"about":[{"href":"https:\/\/friburgonoticias.com.br\/temp\/wp-json\/wp\/v2\/types\/post"}],"author":[{"embeddable":true,"href":"https:\/\/friburgonoticias.com.br\/temp\/wp-json\/wp\/v2\/users\/3"}],"replies":[{"embeddable":true,"href":"https:\/\/friburgonoticias.com.br\/temp\/wp-json\/wp\/v2\/comments?post=9148"}],"version-history":[{"count":0,"href":"https:\/\/friburgonoticias.com.br\/temp\/wp-json\/wp\/v2\/posts\/9148\/revisions"}],"wp:featuredmedia":[{"embeddable":true,"href":"https:\/\/friburgonoticias.com.br\/temp\/wp-json\/wp\/v2\/media\/9149"}],"wp:attachment":[{"href":"https:\/\/friburgonoticias.com.br\/temp\/wp-json\/wp\/v2\/media?parent=9148"}],"wp:term":[{"taxonomy":"category","embeddable":true,"href":"https:\/\/friburgonoticias.com.br\/temp\/wp-json\/wp\/v2\/categories?post=9148"},{"taxonomy":"post_tag","embeddable":true,"href":"https:\/\/friburgonoticias.com.br\/temp\/wp-json\/wp\/v2\/tags?post=9148"}],"curies":[{"name":"wp","href":"https:\/\/api.w.org\/{rel}","templated":true}]}}