{"id":9150,"date":"2026-04-15T03:12:17","date_gmt":"2026-04-15T03:12:17","guid":{"rendered":"https:\/\/friburgonoticias.com.br\/temp\/2026\/04\/15\/governador-interino-trava-novos-gastos-e-ordena-auditoria-geral-em-todas-as-secretarias-e-orgaos-do-estado\/"},"modified":"2026-04-15T03:12:17","modified_gmt":"2026-04-15T03:12:17","slug":"governador-interino-trava-novos-gastos-e-ordena-auditoria-geral-em-todas-as-secretarias-e-orgaos-do-estado","status":"publish","type":"post","link":"https:\/\/friburgonoticias.com.br\/temp\/2026\/04\/15\/governador-interino-trava-novos-gastos-e-ordena-auditoria-geral-em-todas-as-secretarias-e-orgaos-do-estado\/","title":{"rendered":"governador interino trava novos gastos e ordena auditoria geral em todas as secretarias e \u00f3rg\u00e3os do estado"},"content":{"rendered":"<p><\/p>\n<div itemprop=\"articleBody\">\nEm decreto publicado em edi\u00e7\u00e3o extraordin\u00e1ria do Di\u00e1rio Oficial desta ter\u00e7a-feira (14), o governador em exerc\u00edcio, Ricardo Couto de Castro, imp\u00f5e \u201clei seca\u201d de novos contratos e exige de secretarias e demais \u00f3rg\u00e3os da administra\u00e7\u00e3o estadual transpar\u00eancia imediata sobre gastos milion\u00e1rios e processos sigilosos.<\/p>\n<p>A medida n\u00e3o poupa ningu\u00e9m. Secretarias, autarquias e at\u00e9 empresas estatais t\u00eam o prazo improrrog\u00e1vel de 15 dias \u00fateis para abrir a \u201ccaixa-preta\u201d de seus gastos. O foco principal da auditoria recai sobre gastos acima de R$ 1 milh\u00e3o; contrata\u00e7\u00f5es feitas sem licita\u00e7\u00e3o (dispensa e inexigibilidade); e o ex\u00e9rcito de servidores comissionados e trabalhadores terceirizados.<\/p>\n<h2 class=\"wp-block-heading\">Al\u00e9m da auditoria, fica proibida a abertura de novas licita\u00e7\u00f5es sem a comprova\u00e7\u00e3o de recursos para cobrir os gastos<\/h2>\n<p>O artigo 5\u00ba do decreto pro\u00edbe a abertura de novas licita\u00e7\u00f5es ou o in\u00edcio de novos contratos. A ordem \u00e9 priorizar o pagamento do que j\u00e1 est\u00e1 assinado. A partir de agora, ningu\u00e9m gasta um centavo em novos projetos sem provar que h\u00e1 dinheiro em caixa para manter os servi\u00e7os essenciais que j\u00e1 est\u00e3o em curso.<\/p>\n<p>Outro ponto que deve causar desconforto nos corredores do poder \u00e9 a revis\u00e3o de processos sigilosos. O governo deu 15 dias para que a Procuradoria-Geral do Estado (PGE) analise se o \u201csegredo\u201d desses documentos \u00e9 leg\u00edtimo ou se serve apenas para esconder irregularidades, ferindo o princ\u00edpio constitucional da publicidade.<\/p>\n<p>A Controladoria-Geral do Estado (CGE) ter\u00e1 45 dias para concluir a auditoria espec\u00edfica sobre as contrata\u00e7\u00f5es diretas. Caso sejam encontrados ind\u00edcios de dano aos cofres p\u00fablicos ou ilegalidades, o decreto prev\u00ea medidas cautelares imediatas contra os gestores e a suspens\u00e3o dos pagamentos.<\/p>\n<p>Com o estado operando no limite da Lei de Responsabilidade Fiscal, o decreto soa como um ultimato: ou a gest\u00e3o se adequa \u00e0 realidade financeira, ou a caneta do governador come\u00e7ar\u00e1 a anular contratos e exonerar respons\u00e1veis.<\/p>\n<figure class=\"wp-block-image size-full\"><img loading=\"lazy\" decoding=\"async\" width=\"348\" height=\"493\" src=\"https:\/\/temporealrj.com\/wp-content\/uploads\/2026\/04\/WhatsApp-Image-2026-04-14-at-21.58.14.jpeg\" alt=\"WhatsApp Image 2026 04 14 at 21.58.14\" class=\"wp-image-129508\" title=\"Contas no limite: governador interino trava novos gastos e ordena auditoria geral em todas as secretarias e \u00f3rg\u00e3os do estado 62\" srcset=\"https:\/\/temporealrj.com\/wp-content\/uploads\/2026\/04\/WhatsApp-Image-2026-04-14-at-21.58.14.jpeg 348w, https:\/\/temporealrj.com\/wp-content\/uploads\/2026\/04\/WhatsApp-Image-2026-04-14-at-21.58.14-212x300.jpeg 212w\" sizes=\"auto, (max-width: 348px) 100vw, 348px\"\/><\/figure>\n<figure class=\"wp-block-image size-full\"><img loading=\"lazy\" decoding=\"async\" width=\"350\" height=\"478\" src=\"https:\/\/temporealrj.com\/wp-content\/uploads\/2026\/04\/WhatsApp-Image-2026-04-14-at-21.58.14-1.jpeg\" alt=\"WhatsApp Image 2026 04 14 at 21.58.14 1\" class=\"wp-image-129509\" title=\"Contas no limite: governador interino trava novos gastos e ordena auditoria geral em todas as secretarias e \u00f3rg\u00e3os do estado 63\" srcset=\"https:\/\/temporealrj.com\/wp-content\/uploads\/2026\/04\/WhatsApp-Image-2026-04-14-at-21.58.14-1.jpeg 350w, https:\/\/temporealrj.com\/wp-content\/uploads\/2026\/04\/WhatsApp-Image-2026-04-14-at-21.58.14-1-220x300.jpeg 220w\" sizes=\"auto, (max-width: 350px) 100vw, 350px\"\/><\/figure>\n<figure class=\"wp-block-image size-full\"><img loading=\"lazy\" decoding=\"async\" width=\"352\" height=\"292\" src=\"https:\/\/temporealrj.com\/wp-content\/uploads\/2026\/04\/WhatsApp-Image-2026-04-14-at-21.58.14-2.jpeg\" alt=\"WhatsApp Image 2026 04 14 at 21.58.14 2\" class=\"wp-image-129510\" title=\"Contas no limite: governador interino trava novos gastos e ordena auditoria geral em todas as secretarias e \u00f3rg\u00e3os do estado 64\" srcset=\"https:\/\/temporealrj.com\/wp-content\/uploads\/2026\/04\/WhatsApp-Image-2026-04-14-at-21.58.14-2.jpeg 352w, https:\/\/temporealrj.com\/wp-content\/uploads\/2026\/04\/WhatsApp-Image-2026-04-14-at-21.58.14-2-300x249.jpeg 300w\" sizes=\"auto, (max-width: 352px) 100vw, 352px\"\/><\/figure>\n<figure class=\"wp-block-image size-full\"><img loading=\"lazy\" decoding=\"async\" width=\"356\" height=\"431\" src=\"https:\/\/temporealrj.com\/wp-content\/uploads\/2026\/04\/WhatsApp-Image-2026-04-14-at-21.58.14-3.jpeg\" alt=\"WhatsApp Image 2026 04 14 at 21.58.14 3\" class=\"wp-image-129511\" title=\"Contas no limite: governador interino trava novos gastos e ordena auditoria geral em todas as secretarias e \u00f3rg\u00e3os do estado 65\" srcset=\"https:\/\/temporealrj.com\/wp-content\/uploads\/2026\/04\/WhatsApp-Image-2026-04-14-at-21.58.14-3.jpeg 356w, https:\/\/temporealrj.com\/wp-content\/uploads\/2026\/04\/WhatsApp-Image-2026-04-14-at-21.58.14-3-248x300.jpeg 248w\" sizes=\"auto, (max-width: 356px) 100vw, 356px\"\/><\/figure>\n<\/div>\n<p><\/a><\/p>\n<p>Fonte: temporealrj.com<\/p>\n","protected":false},"excerpt":{"rendered":"<p>Em decreto publicado em edi\u00e7\u00e3o extraordin\u00e1ria do Di\u00e1rio Oficial desta ter\u00e7a-feira (14), o governador em exerc\u00edcio, Ricardo Couto de Castro, imp\u00f5e \u201clei seca\u201d de novos contratos e exige de secretarias e demais \u00f3rg\u00e3os da administra\u00e7\u00e3o estadual transpar\u00eancia imediata sobre gastos milion\u00e1rios e processos sigilosos. A medida n\u00e3o poupa ningu\u00e9m. Secretarias, autarquias e at\u00e9 empresas estatais [&hellip;]<\/p>\n","protected":false},"author":3,"featured_media":9151,"comment_status":"open","ping_status":"open","sticky":false,"template":"","format":"standard","meta":{"advanced_seo_description":"","jetpack_seo_html_title":"","jetpack_seo_noindex":false,"fifu_image_url":"https:\/\/temporealrj.com\/wp-content\/uploads\/2026\/03\/WhatsApp-Image-2026-03-31-at-07.55.02-e1774954654977.jpeg","fifu_image_alt":"","_jetpack_memberships_contains_paid_content":false,"footnotes":"","jetpack_publicize_message":"","jetpack_publicize_feature_enabled":true,"jetpack_social_post_already_shared":true,"jetpack_social_options":{"image_generator_settings":{"template":"highway","default_image_id":0,"font":"","enabled":false},"version":2}},"categories":[106,1],"tags":[],"class_list":{"0":"post-9150","1":"post","2":"type-post","3":"status-publish","4":"format-standard","5":"has-post-thumbnail","7":"category-politica","8":"category-uncategorized"},"jetpack_publicize_connections":[],"jetpack_featured_media_url":"https:\/\/i0.wp.com\/temporealrj.com\/wp-content\/uploads\/2026\/03\/WhatsApp-Image-2026-03-31-at-07.55.02-e1774954654977.jpeg?fit=%2C&ssl=1","jetpack_sharing_enabled":true,"jetpack-related-posts":[],"_links":{"self":[{"href":"https:\/\/friburgonoticias.com.br\/temp\/wp-json\/wp\/v2\/posts\/9150","targetHints":{"allow":["GET"]}}],"collection":[{"href":"https:\/\/friburgonoticias.com.br\/temp\/wp-json\/wp\/v2\/posts"}],"about":[{"href":"https:\/\/friburgonoticias.com.br\/temp\/wp-json\/wp\/v2\/types\/post"}],"author":[{"embeddable":true,"href":"https:\/\/friburgonoticias.com.br\/temp\/wp-json\/wp\/v2\/users\/3"}],"replies":[{"embeddable":true,"href":"https:\/\/friburgonoticias.com.br\/temp\/wp-json\/wp\/v2\/comments?post=9150"}],"version-history":[{"count":0,"href":"https:\/\/friburgonoticias.com.br\/temp\/wp-json\/wp\/v2\/posts\/9150\/revisions"}],"wp:featuredmedia":[{"embeddable":true,"href":"https:\/\/friburgonoticias.com.br\/temp\/wp-json\/wp\/v2\/media\/9151"}],"wp:attachment":[{"href":"https:\/\/friburgonoticias.com.br\/temp\/wp-json\/wp\/v2\/media?parent=9150"}],"wp:term":[{"taxonomy":"category","embeddable":true,"href":"https:\/\/friburgonoticias.com.br\/temp\/wp-json\/wp\/v2\/categories?post=9150"},{"taxonomy":"post_tag","embeddable":true,"href":"https:\/\/friburgonoticias.com.br\/temp\/wp-json\/wp\/v2\/tags?post=9150"}],"curies":[{"name":"wp","href":"https:\/\/api.w.org\/{rel}","templated":true}]}}