{"id":9152,"date":"2026-04-15T03:22:20","date_gmt":"2026-04-15T03:22:20","guid":{"rendered":"https:\/\/friburgonoticias.com.br\/temp\/2026\/04\/15\/procurador-flavio-willeman-e-nomeado-na-casa-civil-do-estado-marcos-simoes-e-remanejado-para-a-secretaria-do-gabinete\/"},"modified":"2026-04-15T03:22:20","modified_gmt":"2026-04-15T03:22:20","slug":"procurador-flavio-willeman-e-nomeado-na-casa-civil-do-estado-marcos-simoes-e-remanejado-para-a-secretaria-do-gabinete","status":"publish","type":"post","link":"https:\/\/friburgonoticias.com.br\/temp\/2026\/04\/15\/procurador-flavio-willeman-e-nomeado-na-casa-civil-do-estado-marcos-simoes-e-remanejado-para-a-secretaria-do-gabinete\/","title":{"rendered":"Procurador Fl\u00e1vio Willeman \u00e9 nomeado na Casa Civil do estado; Marcos Sim\u00f5es \u00e9 remanejado para a Secretaria do Gabinete"},"content":{"rendered":"<p><\/p>\n<div itemprop=\"articleBody\">\nO governador em exerc\u00edcio Ricardo Couto de Castro nomeou, em edi\u00e7\u00e3o extraordin\u00e1ria do Di\u00e1rio Oficial desta ter\u00e7a-feira (14), o procurador do estado <a href=\"https:\/\/temporealrj.com\/couto-nomeia-procuradores\/\">Fl\u00e1vio Willeman para o cargo de secret\u00e1rio-chefe da Casa Civil<\/a>. Ele assume a vaga de Marco Sim\u00f5es, que j\u00e1 havia substitu\u00eddo <a href=\"https:\/\/temporealrj.com\/nicola-miccione-exonerado\/\">Nicola Miccione (PL), forte aliado do ex-governador Cl\u00e1udio Castro (PL)<\/a>. <\/p>\n<p>Marcos Sim\u00f5es, por\u00e9m, n\u00e3o fica \u00e0 deriva. Ele foi nomeado, na mesma edi\u00e7\u00e3o, secret\u00e1rio do Gabinete do governador, no lugar de Rodrigo Abel, exonerado nesta segunda-feira (13).<\/p>\n<p>Willeman tem longa trajet\u00f3ria no Direito p\u00fablico e privado, com 26 anos de atua\u00e7\u00e3o na Procuradoria-Geral do Estado (PGE-RJ). Tamb\u00e9m foi vice-presidente jur\u00eddico do Flamengo entre 2013 e 2019 e exerceu a fun\u00e7\u00e3o de desembargador eleitoral no Tribunal Regional Eleitoral (TRE-RJ) de 2014 a 2016.<\/p>\n<p>Miccione deixou a Casa Civil em 24 de mar\u00e7o, pouco depois da ren\u00fancia de Cl\u00e1udio Castro. Ele passou o bast\u00e3o a Sim\u00f5es, ent\u00e3o seu chefe de gabinete, para integrar a chapa do deputado estadual Douglas Ruas (PL) na elei\u00e7\u00e3o do mandato-tamp\u00e3o ao governo do estado.<\/p>\n<figure class=\"wp-block-image size-full\"><img loading=\"lazy\" decoding=\"async\" width=\"419\" height=\"444\" src=\"https:\/\/temporealrj.com\/wp-content\/uploads\/2026\/04\/WhatsApp-Image-2026-04-14-at-21.08.53.jpeg\" alt=\"WhatsApp Image 2026 04 14 at 21.08.53\" class=\"wp-image-129496\" title=\"Procurador Fl\u00e1vio Willeman \u00e9 nomeado na Casa Civil do estado; Marcos Sim\u00f5es \u00e9 remanejado para a Secretaria do Gabinete 62\" srcset=\"https:\/\/temporealrj.com\/wp-content\/uploads\/2026\/04\/WhatsApp-Image-2026-04-14-at-21.08.53.jpeg 419w, https:\/\/temporealrj.com\/wp-content\/uploads\/2026\/04\/WhatsApp-Image-2026-04-14-at-21.08.53-283x300.jpeg 283w\" sizes=\"auto, (max-width: 419px) 100vw, 419px\"\/><\/figure>\n<\/div>\n<p><\/a><\/p>\n<p>Fonte: temporealrj.com<\/p>\n","protected":false},"excerpt":{"rendered":"<p>O governador em exerc\u00edcio Ricardo Couto de Castro nomeou, em edi\u00e7\u00e3o extraordin\u00e1ria do Di\u00e1rio Oficial desta ter\u00e7a-feira (14), o procurador do estado Fl\u00e1vio Willeman para o cargo de secret\u00e1rio-chefe da Casa Civil. Ele assume a vaga de Marco Sim\u00f5es, que j\u00e1 havia substitu\u00eddo Nicola Miccione (PL), forte aliado do ex-governador Cl\u00e1udio Castro (PL). Marcos Sim\u00f5es, [&hellip;]<\/p>\n","protected":false},"author":3,"featured_media":9153,"comment_status":"open","ping_status":"open","sticky":false,"template":"","format":"standard","meta":{"advanced_seo_description":"","jetpack_seo_html_title":"","jetpack_seo_noindex":false,"fifu_image_url":"https:\/\/temporealrj.com\/wp-content\/uploads\/2026\/04\/Miniatura-do-YouTube-Antes-e-Depois-Edicao-de-Foto-Branco-e-Roxo-3-1-e1776202177835.png","fifu_image_alt":"","_jetpack_memberships_contains_paid_content":false,"footnotes":"","jetpack_publicize_message":"","jetpack_publicize_feature_enabled":true,"jetpack_social_post_already_shared":true,"jetpack_social_options":{"image_generator_settings":{"template":"highway","default_image_id":0,"font":"","enabled":false},"version":2}},"categories":[107],"tags":[],"class_list":{"0":"post-9152","1":"post","2":"type-post","3":"status-publish","4":"format-standard","5":"has-post-thumbnail","7":"category-economia"},"jetpack_publicize_connections":[],"jetpack_featured_media_url":"https:\/\/i0.wp.com\/temporealrj.com\/wp-content\/uploads\/2026\/04\/Miniatura-do-YouTube-Antes-e-Depois-Edicao-de-Foto-Branco-e-Roxo-3-1-e1776202177835.png?fit=%2C&ssl=1","jetpack_sharing_enabled":true,"jetpack-related-posts":[],"_links":{"self":[{"href":"https:\/\/friburgonoticias.com.br\/temp\/wp-json\/wp\/v2\/posts\/9152","targetHints":{"allow":["GET"]}}],"collection":[{"href":"https:\/\/friburgonoticias.com.br\/temp\/wp-json\/wp\/v2\/posts"}],"about":[{"href":"https:\/\/friburgonoticias.com.br\/temp\/wp-json\/wp\/v2\/types\/post"}],"author":[{"embeddable":true,"href":"https:\/\/friburgonoticias.com.br\/temp\/wp-json\/wp\/v2\/users\/3"}],"replies":[{"embeddable":true,"href":"https:\/\/friburgonoticias.com.br\/temp\/wp-json\/wp\/v2\/comments?post=9152"}],"version-history":[{"count":0,"href":"https:\/\/friburgonoticias.com.br\/temp\/wp-json\/wp\/v2\/posts\/9152\/revisions"}],"wp:featuredmedia":[{"embeddable":true,"href":"https:\/\/friburgonoticias.com.br\/temp\/wp-json\/wp\/v2\/media\/9153"}],"wp:attachment":[{"href":"https:\/\/friburgonoticias.com.br\/temp\/wp-json\/wp\/v2\/media?parent=9152"}],"wp:term":[{"taxonomy":"category","embeddable":true,"href":"https:\/\/friburgonoticias.com.br\/temp\/wp-json\/wp\/v2\/categories?post=9152"},{"taxonomy":"post_tag","embeddable":true,"href":"https:\/\/friburgonoticias.com.br\/temp\/wp-json\/wp\/v2\/tags?post=9152"}],"curies":[{"name":"wp","href":"https:\/\/api.w.org\/{rel}","templated":true}]}}