{"id":9172,"date":"2026-04-15T17:22:18","date_gmt":"2026-04-15T17:22:18","guid":{"rendered":"https:\/\/friburgonoticias.com.br\/temp\/2026\/04\/15\/projeto-do-governo-reduz-jornada-semanal-para-40-horas-e-preve-dois-dias-de-descanso-remunerado-noticias\/"},"modified":"2026-04-15T17:22:18","modified_gmt":"2026-04-15T17:22:18","slug":"projeto-do-governo-reduz-jornada-semanal-para-40-horas-e-preve-dois-dias-de-descanso-remunerado-noticias","status":"publish","type":"post","link":"https:\/\/friburgonoticias.com.br\/temp\/2026\/04\/15\/projeto-do-governo-reduz-jornada-semanal-para-40-horas-e-preve-dois-dias-de-descanso-remunerado-noticias\/","title":{"rendered":"Projeto do governo reduz jornada semanal para 40 horas e prev\u00ea dois dias de descanso remunerado &#8211; Not\u00edcias"},"content":{"rendered":"<p><\/p>\n<div>\n<p class=\"g-artigo__data-hora\">\n                                            15\/04\/2026 &#8211; 11:06 \u00a0\n                                        <\/p>\n<div id=\"image-container-1263408\" class=\"image-container\" style=\"float: none; margin: 45px 0px; width: 100%;\" data-midia=\"1263408\">\n                <em>Jos\u00e9 Fernando Ogura\/AEN<\/em><\/p>\n<p>                Mudan\u00e7a na jornada n\u00e3o poder\u00e1 resultar em redu\u00e7\u00e3o salarial\n                <\/p><\/div>\n<p>                O Projeto de Lei 1838\/26, do Poder Executivo, define em 40 horas semanais o limite da jornada normal de trabalho na <a class=\"linkLegislacao\" href=\"https:\/\/www2.camara.gov.br\/legin\/fed\/declei\/1940-1949\/decreto-lei-5452-1-maio-1943-415500-norma-pe.html\">Consolida\u00e7\u00e3o das Leis do Trabalho (CLT)<\/a>, abaixo do teto constitucional de 44 horas semanais e oito di\u00e1rias, e garante ao trabalhador dois repousos semanais remunerados de 24 horas consecutivas.<br \/>\n                A proposta, enviada na ter\u00e7a-feira (14) ao Congresso Nacional, tamb\u00e9m prev\u00ea que a mudan\u00e7a na jornada de trabalho n\u00e3o poder\u00e1 resultar em redu\u00e7\u00e3o nominal ou proporcional das remunera\u00e7\u00f5es nem em altera\u00e7\u00e3o dos pisos salariais vigentes.<br \/>\n                Al\u00e9m dos trabalhadores abrangidos pela CLT, o projeto do Executivo incorpora essas regras a normas aplic\u00e1veis a categorias espec\u00edficas, como radialistas, empregados no com\u00e9rcio, trabalhadores dom\u00e9sticos, tripulantes de voo e atletas profissionais.<br \/>\n                <strong>Regras gerais<\/strong><br \/>Pelo texto, o limite de 40 horas semanais valer\u00e1 para trabalhadores com escalas especiais. A possibilidade de compensa\u00e7\u00e3o de jornada e de escalas especiais previstas em lei ou em negocia\u00e7\u00e3o coletiva dever\u00e1 respeitar os novos limites.<br \/>\n                Os dois descansos semanais remunerados por semana (ou fra\u00e7\u00e3o) ser\u00e3o previstos preferencialmente aos s\u00e1bados e domingos. Se necess\u00e1rio, o trabalho nesses dias exigir\u00e1 escala de revezamento, ressalvadas as peculiaridades de cada atividade.<br \/>\n                <strong>Justificativa<br \/><\/strong>Em entrevista coletiva nesta quarta-feira (15), no Pal\u00e1cio do Planalto, os ministros Luiz Marinho (Trabalho) e Guilherme Boulos (Secretaria-Geral) afirmaram que a redu\u00e7\u00e3o da jornada de trabalho vai melhorar a produtividade do pa\u00eds, com trabalhadores mais qualificados e com menos adoecimentos.<strong><br \/><\/strong><br \/>\n                Luiz Marinho afirmou que a PEC que tramita na C\u00e2mara e o projeto de lei encaminhado pelo governo v\u00e3o andar juntos. Para ele, \u00e9 inconstitucional aumentar a jornada de trabalho por meio de um projeto de lei, mas a redu\u00e7\u00e3o da jornada pode, sim, ser por projeto de lei. Assim, a proposta passa a ter uma tramita\u00e7\u00e3o mais r\u00e1pida. J\u00e1 a PEC, segundo o ministro, vai consolidar o processo. A Constitui\u00e7\u00e3o Federal estabelece uma jornada m\u00e1xima de 44 horas semanais, e o projeto do governo reduz para 40 horas.<br \/>\n                \u201cO Parlamento tem sua autonomia, mas tanto o PL como a PEC s\u00e3o importantes. O que \u00e9 claro \u00e9 que o PL pode reduzir a jornada, mas a PEC \u00e9 importante, na sequ\u00eancia, para consolidar o processo, porque no futuro, como o governo argentino fez, n\u00e3o poder\u00e1 fazer por PL para aumentar a jornada\u201d, explicou.<br \/>\n                O ministro Guilherme Boulos salientou que, dentro de 90 dias, a proposta vai ser aprovada pelo Parlamento, j\u00e1 que a C\u00e2mara tem 45 dias para votar o texto, e o Senado tamb\u00e9m. Segundo Boulos, trata-se de um projeto da fam\u00edlia trabalhadora brasileira.<br \/>\n                \u201cQuem defende a fam\u00edlia no Brasil defende que o trabalhador fique com sua fam\u00edlia\u201d, disse o ministro. \u201c\u00c9 importante que o presidente tenha ouvido o grito dos balconistas, das trabalhadoras do com\u00e9rcio, dos trabalhadores de posto de gasolina, de shopping, dos porteiros, dos trabalhadores de supermercados\u201d, afirmou Boulos.<br \/>\n                <strong>Pr\u00f3ximos passos<\/strong><br \/>A proposta, enviada pelo governo com <span id=\"4075\" class=\"termoGlossario\" title=\"A Constitui\u00e7\u00e3o permite ao presidente da Rep\u00fablica pedir que projetos de sua autoria tramitem com esse tipo de urg\u00eancia. Ap\u00f3s 45 dias do pedido, o projeto tranca a pauta da C\u00e2mara, mas ainda podem ser votadas medidas provis\u00f3rias, projetos de decreto legislativo e propostas de emenda \u00e0 Constitui\u00e7\u00e3o.\" contenteditable=\"false\" data-toggle=\"tooltip\" data-placement=\"top\">urg\u00eancia constitucional<\/span>, ainda ser\u00e1 encaminhada para an\u00e1lise das comiss\u00f5es da C\u00e2mara dos Deputados.<br \/>\n                Para virar lei, o texto ter\u00e1 de ser aprovado pela C\u00e2mara e pelo Senado.<\/p>\n<p style=\"font-size: 0.8rem; font-weight: 700;\">Reportagem\/RM<br \/>Edi\u00e7\u00e3o\/MO<\/p>\n<\/p><\/div>\n<p><\/a><\/p>\n<p>Fonte: www.camara.leg.br<\/p>\n","protected":false},"excerpt":{"rendered":"<p>15\/04\/2026 &#8211; 11:06 \u00a0 Jos\u00e9 Fernando Ogura\/AEN Mudan\u00e7a na jornada n\u00e3o poder\u00e1 resultar em redu\u00e7\u00e3o salarial O Projeto de Lei 1838\/26, do Poder Executivo, define em 40 horas semanais o limite da jornada normal de trabalho na Consolida\u00e7\u00e3o das Leis do Trabalho (CLT), abaixo do teto constitucional de 44 horas semanais e oito di\u00e1rias, e [&hellip;]<\/p>\n","protected":false},"author":3,"featured_media":9173,"comment_status":"open","ping_status":"open","sticky":false,"template":"","format":"standard","meta":{"advanced_seo_description":"","jetpack_seo_html_title":"","jetpack_seo_noindex":false,"fifu_image_url":"https:\/\/www.camara.leg.br\/midias\/image\/2026\/04\/img20210714120240594-768x512.jpg","fifu_image_alt":"","_jetpack_memberships_contains_paid_content":false,"footnotes":"","jetpack_publicize_message":"","jetpack_publicize_feature_enabled":true,"jetpack_social_post_already_shared":true,"jetpack_social_options":{"image_generator_settings":{"template":"highway","default_image_id":0,"font":"","enabled":false},"version":2}},"categories":[106,1],"tags":[],"class_list":{"0":"post-9172","1":"post","2":"type-post","3":"status-publish","4":"format-standard","5":"has-post-thumbnail","7":"category-politica","8":"category-uncategorized"},"jetpack_publicize_connections":[],"jetpack_featured_media_url":"https:\/\/i0.wp.com\/www.camara.leg.br\/midias\/image\/2026\/04\/img20210714120240594-768x512.jpg?fit=%2C&ssl=1","jetpack_sharing_enabled":true,"jetpack-related-posts":[],"_links":{"self":[{"href":"https:\/\/friburgonoticias.com.br\/temp\/wp-json\/wp\/v2\/posts\/9172","targetHints":{"allow":["GET"]}}],"collection":[{"href":"https:\/\/friburgonoticias.com.br\/temp\/wp-json\/wp\/v2\/posts"}],"about":[{"href":"https:\/\/friburgonoticias.com.br\/temp\/wp-json\/wp\/v2\/types\/post"}],"author":[{"embeddable":true,"href":"https:\/\/friburgonoticias.com.br\/temp\/wp-json\/wp\/v2\/users\/3"}],"replies":[{"embeddable":true,"href":"https:\/\/friburgonoticias.com.br\/temp\/wp-json\/wp\/v2\/comments?post=9172"}],"version-history":[{"count":0,"href":"https:\/\/friburgonoticias.com.br\/temp\/wp-json\/wp\/v2\/posts\/9172\/revisions"}],"wp:featuredmedia":[{"embeddable":true,"href":"https:\/\/friburgonoticias.com.br\/temp\/wp-json\/wp\/v2\/media\/9173"}],"wp:attachment":[{"href":"https:\/\/friburgonoticias.com.br\/temp\/wp-json\/wp\/v2\/media?parent=9172"}],"wp:term":[{"taxonomy":"category","embeddable":true,"href":"https:\/\/friburgonoticias.com.br\/temp\/wp-json\/wp\/v2\/categories?post=9172"},{"taxonomy":"post_tag","embeddable":true,"href":"https:\/\/friburgonoticias.com.br\/temp\/wp-json\/wp\/v2\/tags?post=9172"}],"curies":[{"name":"wp","href":"https:\/\/api.w.org\/{rel}","templated":true}]}}