{"id":9174,"date":"2026-04-15T17:37:21","date_gmt":"2026-04-15T17:37:21","guid":{"rendered":"https:\/\/friburgonoticias.com.br\/temp\/2026\/04\/15\/tcm-recebe-prestacao-de-contas-de-governo-da-prefeitura-do-rio-referente-a-2025\/"},"modified":"2026-04-15T17:37:21","modified_gmt":"2026-04-15T17:37:21","slug":"tcm-recebe-prestacao-de-contas-de-governo-da-prefeitura-do-rio-referente-a-2025","status":"publish","type":"post","link":"https:\/\/friburgonoticias.com.br\/temp\/2026\/04\/15\/tcm-recebe-prestacao-de-contas-de-governo-da-prefeitura-do-rio-referente-a-2025\/","title":{"rendered":"TCM\u00a0recebe presta\u00e7\u00e3o de contas de governo da Prefeitura do Rio referente a 2025"},"content":{"rendered":"<p><\/p>\n<div itemprop=\"articleBody\">\nO presidente do <a href=\"https:\/\/temporealrj.com\/tcm-suspende-licitacao-279-milhoes-asfalto-liso\/\">Tribunal de Contas do Munic\u00edpio do Rio de Janeiro<\/a> (TCMRio), Luiz Ant\u00f4nio Guaran\u00e1, recebeu, nesta quarta-feira (15), das m\u00e3os da controladora-geral do munic\u00edpio, Rosemary Macedo, a presta\u00e7\u00e3o de contas da Prefeitura do Rio referente ao exerc\u00edcio de 2025.<\/p>\n<p>O relat\u00f3rio contendo a documenta\u00e7\u00e3o tem 317 p\u00e1ginas, reunindo balan\u00e7os gerais, execu\u00e7\u00e3o or\u00e7ament\u00e1ria, financeira e fiscal, cumprimento de limites legais e constitucionais, atingimento das metas fiscais, demonstra\u00e7\u00f5es cont\u00e1beis e disponibilidade de caixa, entre outras informa\u00e7\u00f5es financeiras e fiscais de destaque.<\/p>\n<p>A presta\u00e7\u00e3o de contas do munic\u00edpio refere-se ao segundo ano da gest\u00e3o do prefeito Eduardo Paes (PSD) e foi publicada no Di\u00e1rio Oficial do Munic\u00edpio, sendo a entrega imediatamente formalizada ao TCMRio, em cumprimento ao prazo constitucional previsto na Lei de Responsabilidade Fiscal, 15 de abril, abrindo-se, assim, a contagem do prazo para an\u00e1lise e elabora\u00e7\u00e3o do parecer pr\u00e9vio das contas, sua vota\u00e7\u00e3o em plen\u00e1rio e posterior envio \u00e0 C\u00e2mara do Rio. <\/p>\n<p>O relator das contas de 2025 \u00e9 o conselheiro Felipe Puccioni, escolhido por sorteio, que apresentar\u00e1 o parecer pr\u00e9vio a ser votado pelo colegiado do TCMRio, com posterior encaminhamento \u00e0 C\u00e2mara do Rio, respons\u00e1vel pelo julgamento das contas.<\/p>\n<p>Para embasar o projeto de parecer pr\u00e9vio de 2025, o corpo t\u00e9cnico do TCMRio, por meio da Coordenadoria de Auditoria de Desenvolvimento (CAD) e da Secretaria-Geral de Controle Externo (SGCE), iniciar\u00e1, a partir desta quarta (15), a an\u00e1lise detalhada das contas encaminhadas pela Prefeitura, reunindo todo o material em opini\u00f5es conclusivas sobre diversos eixos.<\/p>\n<p>Ap\u00f3s essa etapa, a Procuradoria Especial elaborar\u00e1 seu parecer, e, em seguida, todo o material ser\u00e1 encaminhado ao relator das contas, que elaborar\u00e1 o parecer pr\u00e9vio a ser votado.<\/p>\n<p>O prazo para an\u00e1lise das contas pelo TCMRio \u00e9 de 60 dias \u00fateis, a partir da entrega pela prefeitura.\n<\/p><\/div>\n<p><\/a><\/p>\n<p>Fonte: temporealrj.com<\/p>\n","protected":false},"excerpt":{"rendered":"<p>O presidente do Tribunal de Contas do Munic\u00edpio do Rio de Janeiro (TCMRio), Luiz Ant\u00f4nio Guaran\u00e1, recebeu, nesta quarta-feira (15), das m\u00e3os da controladora-geral do munic\u00edpio, Rosemary Macedo, a presta\u00e7\u00e3o de contas da Prefeitura do Rio referente ao exerc\u00edcio de 2025. O relat\u00f3rio contendo a documenta\u00e7\u00e3o tem 317 p\u00e1ginas, reunindo balan\u00e7os gerais, execu\u00e7\u00e3o or\u00e7ament\u00e1ria, financeira [&hellip;]<\/p>\n","protected":false},"author":3,"featured_media":9175,"comment_status":"open","ping_status":"open","sticky":false,"template":"","format":"standard","meta":{"advanced_seo_description":"","jetpack_seo_html_title":"","jetpack_seo_noindex":false,"fifu_image_url":"https:\/\/temporealrj.com\/wp-content\/uploads\/2026\/04\/WhatsApp-Image-2026-04-15-at-13.13.18-e1776269830631.jpeg","fifu_image_alt":"","_jetpack_memberships_contains_paid_content":false,"footnotes":"","jetpack_publicize_message":"","jetpack_publicize_feature_enabled":true,"jetpack_social_post_already_shared":true,"jetpack_social_options":{"image_generator_settings":{"template":"highway","default_image_id":0,"font":"","enabled":false},"version":2}},"categories":[107],"tags":[],"class_list":{"0":"post-9174","1":"post","2":"type-post","3":"status-publish","4":"format-standard","5":"has-post-thumbnail","7":"category-economia"},"jetpack_publicize_connections":[],"jetpack_featured_media_url":"https:\/\/i0.wp.com\/temporealrj.com\/wp-content\/uploads\/2026\/04\/WhatsApp-Image-2026-04-15-at-13.13.18-e1776269830631.jpeg?fit=%2C&ssl=1","jetpack_sharing_enabled":true,"jetpack-related-posts":[],"_links":{"self":[{"href":"https:\/\/friburgonoticias.com.br\/temp\/wp-json\/wp\/v2\/posts\/9174","targetHints":{"allow":["GET"]}}],"collection":[{"href":"https:\/\/friburgonoticias.com.br\/temp\/wp-json\/wp\/v2\/posts"}],"about":[{"href":"https:\/\/friburgonoticias.com.br\/temp\/wp-json\/wp\/v2\/types\/post"}],"author":[{"embeddable":true,"href":"https:\/\/friburgonoticias.com.br\/temp\/wp-json\/wp\/v2\/users\/3"}],"replies":[{"embeddable":true,"href":"https:\/\/friburgonoticias.com.br\/temp\/wp-json\/wp\/v2\/comments?post=9174"}],"version-history":[{"count":0,"href":"https:\/\/friburgonoticias.com.br\/temp\/wp-json\/wp\/v2\/posts\/9174\/revisions"}],"wp:featuredmedia":[{"embeddable":true,"href":"https:\/\/friburgonoticias.com.br\/temp\/wp-json\/wp\/v2\/media\/9175"}],"wp:attachment":[{"href":"https:\/\/friburgonoticias.com.br\/temp\/wp-json\/wp\/v2\/media?parent=9174"}],"wp:term":[{"taxonomy":"category","embeddable":true,"href":"https:\/\/friburgonoticias.com.br\/temp\/wp-json\/wp\/v2\/categories?post=9174"},{"taxonomy":"post_tag","embeddable":true,"href":"https:\/\/friburgonoticias.com.br\/temp\/wp-json\/wp\/v2\/tags?post=9174"}],"curies":[{"name":"wp","href":"https:\/\/api.w.org\/{rel}","templated":true}]}}