{"id":9184,"date":"2026-04-15T20:17:17","date_gmt":"2026-04-15T20:17:17","guid":{"rendered":"https:\/\/friburgonoticias.com.br\/temp\/2026\/04\/15\/justica-nega-pedido-da-oposicao-e-nao-suspende-eleicao-para-presidencia-da-alerj\/"},"modified":"2026-04-15T20:17:17","modified_gmt":"2026-04-15T20:17:17","slug":"justica-nega-pedido-da-oposicao-e-nao-suspende-eleicao-para-presidencia-da-alerj","status":"publish","type":"post","link":"https:\/\/friburgonoticias.com.br\/temp\/2026\/04\/15\/justica-nega-pedido-da-oposicao-e-nao-suspende-eleicao-para-presidencia-da-alerj\/","title":{"rendered":"Justi\u00e7a nega pedido da oposi\u00e7\u00e3o e n\u00e3o suspende elei\u00e7\u00e3o para presid\u00eancia da Alerj"},"content":{"rendered":"<p><\/p>\n<div itemprop=\"articleBody\">\nA presidente em exerc\u00edcio do Tribunal de Justi\u00e7a (TJ-RJ), desembargadora Suely Lopes Magalh\u00e3es, negou o pedido da oposi\u00e7\u00e3o para suspender a <a href=\"https:\/\/temporealrj.com\/delaroli-convoca-jordy-em-do-extra-alerj\/\">elei\u00e7\u00e3o da presid\u00eancia da Assembleia Legislativa<\/a> (Alerj). A decis\u00e3o foi tomada nesta quarta-feira (15), no \u00e2mbito de um mandado de seguran\u00e7a apresentado pelo deputado Luiz Paulo (PSD) em mar\u00e7o.<\/p>\n<p>O parlamentar solicitava que a convoca\u00e7\u00e3o da elei\u00e7\u00e3o fosse barrada at\u00e9 o julgamento de a\u00e7\u00f5es no Supremo Tribunal Federal (STF). Caso o pleito j\u00e1 tivesse ocorrido, ele tamb\u00e9m pedia a anula\u00e7\u00e3o do resultado.<\/p>\n<h2 class=\"wp-block-heading\">Desembargadora afirma que a elei\u00e7\u00e3o \u00e9 uma quest\u00e3o \u00e9 interna da Alerj<\/h2>\n<p>Ao analisar o pedido, a magistrada entendeu que os argumentos apresentados tratam de regras internas da pr\u00f3pria Assembleia \u2014 como prazos de convoca\u00e7\u00e3o e formato da vota\u00e7\u00e3o \u2014, o que caracteriza mat\u00e9ria \u201cinterna corporis\u201d.<\/p>\n<p>Com base em entendimento consolidado do STF, a decis\u00e3o destaca que o Poder Judici\u00e1rio n\u00e3o deve interferir na interpreta\u00e7\u00e3o de normas regimentais das Casas Legislativas, em respeito ao princ\u00edpio da separa\u00e7\u00e3o de poderes.<\/p>\n<p>Outro ponto abordado por Luiz Paulo no mandado foi o risco de inseguran\u00e7a institucional. Por\u00e9m, segundo a decis\u00e3o, esse argumento n\u00e3o se sustenta, j\u00e1 que o STF j\u00e1 determinou que o presidente do TJ-RJ, Ricardo Couto, permane\u00e7a no exerc\u00edcio do governo estadual.<\/p>\n<p><a href=\"https:\/\/temporealrj.com\/stf-zanin-vota-por-eleicao-direta\/\">A medida foi estabelecida em decis\u00e3o do ministro Cristiano Zanin<\/a> e referendada pelo plen\u00e1rio da Corte.\n<\/div>\n<p><\/a><\/p>\n<p>Fonte: temporealrj.com<\/p>\n","protected":false},"excerpt":{"rendered":"<p>A presidente em exerc\u00edcio do Tribunal de Justi\u00e7a (TJ-RJ), desembargadora Suely Lopes Magalh\u00e3es, negou o pedido da oposi\u00e7\u00e3o para suspender a elei\u00e7\u00e3o da presid\u00eancia da Assembleia Legislativa (Alerj). A decis\u00e3o foi tomada nesta quarta-feira (15), no \u00e2mbito de um mandado de seguran\u00e7a apresentado pelo deputado Luiz Paulo (PSD) em mar\u00e7o. O parlamentar solicitava que a [&hellip;]<\/p>\n","protected":false},"author":3,"featured_media":9185,"comment_status":"open","ping_status":"open","sticky":false,"template":"","format":"standard","meta":{"advanced_seo_description":"","jetpack_seo_html_title":"","jetpack_seo_noindex":false,"fifu_image_url":"https:\/\/temporealrj.com\/wp-content\/uploads\/2026\/03\/mesa-diretora-alerj-e1774977852910.webp","fifu_image_alt":"","_jetpack_memberships_contains_paid_content":false,"footnotes":"","jetpack_publicize_message":"","jetpack_publicize_feature_enabled":true,"jetpack_social_post_already_shared":true,"jetpack_social_options":{"image_generator_settings":{"template":"highway","default_image_id":0,"font":"","enabled":false},"version":2}},"categories":[106,1],"tags":[],"class_list":{"0":"post-9184","1":"post","2":"type-post","3":"status-publish","4":"format-standard","5":"has-post-thumbnail","7":"category-politica","8":"category-uncategorized"},"jetpack_publicize_connections":[],"jetpack_featured_media_url":"https:\/\/i0.wp.com\/temporealrj.com\/wp-content\/uploads\/2026\/03\/mesa-diretora-alerj-e1774977852910.webp?fit=%2C&ssl=1","jetpack_sharing_enabled":true,"jetpack-related-posts":[],"_links":{"self":[{"href":"https:\/\/friburgonoticias.com.br\/temp\/wp-json\/wp\/v2\/posts\/9184","targetHints":{"allow":["GET"]}}],"collection":[{"href":"https:\/\/friburgonoticias.com.br\/temp\/wp-json\/wp\/v2\/posts"}],"about":[{"href":"https:\/\/friburgonoticias.com.br\/temp\/wp-json\/wp\/v2\/types\/post"}],"author":[{"embeddable":true,"href":"https:\/\/friburgonoticias.com.br\/temp\/wp-json\/wp\/v2\/users\/3"}],"replies":[{"embeddable":true,"href":"https:\/\/friburgonoticias.com.br\/temp\/wp-json\/wp\/v2\/comments?post=9184"}],"version-history":[{"count":0,"href":"https:\/\/friburgonoticias.com.br\/temp\/wp-json\/wp\/v2\/posts\/9184\/revisions"}],"wp:featuredmedia":[{"embeddable":true,"href":"https:\/\/friburgonoticias.com.br\/temp\/wp-json\/wp\/v2\/media\/9185"}],"wp:attachment":[{"href":"https:\/\/friburgonoticias.com.br\/temp\/wp-json\/wp\/v2\/media?parent=9184"}],"wp:term":[{"taxonomy":"category","embeddable":true,"href":"https:\/\/friburgonoticias.com.br\/temp\/wp-json\/wp\/v2\/categories?post=9184"},{"taxonomy":"post_tag","embeddable":true,"href":"https:\/\/friburgonoticias.com.br\/temp\/wp-json\/wp\/v2\/tags?post=9184"}],"curies":[{"name":"wp","href":"https:\/\/api.w.org\/{rel}","templated":true}]}}