{"id":9196,"date":"2026-04-16T00:43:25","date_gmt":"2026-04-16T00:43:25","guid":{"rendered":"https:\/\/friburgonoticias.com.br\/temp\/2026\/04\/16\/na-cedae-sai-agnaldo-ballon-e-entra-rafael-rolim-que-esta-ha-mais-de-dez-anos-na-pge\/"},"modified":"2026-04-16T00:43:25","modified_gmt":"2026-04-16T00:43:25","slug":"na-cedae-sai-agnaldo-ballon-e-entra-rafael-rolim-que-esta-ha-mais-de-dez-anos-na-pge","status":"publish","type":"post","link":"https:\/\/friburgonoticias.com.br\/temp\/2026\/04\/16\/na-cedae-sai-agnaldo-ballon-e-entra-rafael-rolim-que-esta-ha-mais-de-dez-anos-na-pge\/","title":{"rendered":"na Cedae, sai Agnaldo Ballon e entra Rafael Rolim, que est\u00e1 h\u00e1 mais de dez anos na PGE"},"content":{"rendered":"<p><\/p>\n<div itemprop=\"articleBody\">\nO Conselho de Administra\u00e7\u00e3o da Cedae aprovou, na noite desta quarta-feira (15), o procurador do estado Rafael Rolim para a presid\u00eancia da estatal. O governador em exerc\u00edcio, Ricardo Couto, indicou Rolim para o lugar de Agnaldo Ballon, que fora designado para o cargo pelo n\u00facleo duro do ex-governador Cl\u00e1udio Castro (PL). Rolim deve assumir o comando da Cedae ainda esta semana.<\/p>\n<p>\u00c9 o terceiro procurador do estado escalado por Couto para postos estrat\u00e9gicos no governo do estado. Na segunda-feira (13), o presidente do Tribunal de Justi\u00e7a, que ocupa o governo interinamente, nomeou Felipe Derbli de Carvalho Baptista como\u00a0<a href=\"https:\/\/temporealrj.com\/governador-exonera-rodrigo-abel\/\">novo presidente do Rioprevid\u00eancia<\/a>. Na ter\u00e7a-feira (14), foi a vez de <a href=\"https:\/\/temporealrj.com\/couto-nomeia-procuradores\/\">Fl\u00e1vio Willeman assumir o cargo de secret\u00e1rio-chefe da Casa Civil<\/a>. <\/p>\n<p>E <a href=\"https:\/\/temporealrj.com\/couto-nomeia-procuradores\/\">Bruno Dubeux est\u00e1 cotad\u00edssimo<\/a> a voltar como Procurador-Geral do Estado.<\/p>\n<h2 class=\"wp-block-heading\">Cedae est\u00e1 sendo investigada por investimentos de R$ 218 milh\u00f5es no Banco Master<\/h2>\n<p>O governo do estado \u00e9 acionista majorit\u00e1rio da Cedae, com 99,98% das a\u00e7\u00f5es. Mas a nomea\u00e7\u00e3o de Rolim na presid\u00eancia da empresa precisou ser ratificada pelo Conselho de Administra\u00e7\u00e3o. <\/p>\n<p>O cen\u00e1rio na estatal \u00e9 delicado. O Tribunal de Contas do Estado (TCE-RJ), a Comiss\u00e3o de Valores Mobili\u00e1rios (CVM) e uma a\u00e7\u00e3o popular investigam e contestam os investimentos de R$ 218 milh\u00f5es no Banco Master, ao longo de 2023. S\u00f3 com escrit\u00f3rios de advocacia contratados para defend\u00ea-la nos processos, a companhia prev\u00ea gastar at\u00e9 R$ 7,9 milh\u00f5es.<\/p>\n<p>Al\u00e9m disso, a companhia est\u00e1 fragmentada entre diferentes grupos pol\u00edticos, com diretorias ocupadas por indica\u00e7\u00f5es de aliados, como o ex-vice-governador Thiago Pampolha e o ex-secret\u00e1rio da Casa Civil Nicola Miccione, e do ex-governador Cl\u00e1udio Castro. As disputas internas na empresa se intensificaram recentemente, com atritos entre esses grupos e o pr\u00f3prio Ballon.<\/p>\n<p><em>Com informa\u00e7\u00f5es de \u201cO Globo\u201d<\/em>\n<\/div>\n<p><\/a><\/p>\n<p>Fonte: temporealrj.com<\/p>\n","protected":false},"excerpt":{"rendered":"<p>O Conselho de Administra\u00e7\u00e3o da Cedae aprovou, na noite desta quarta-feira (15), o procurador do estado Rafael Rolim para a presid\u00eancia da estatal. O governador em exerc\u00edcio, Ricardo Couto, indicou Rolim para o lugar de Agnaldo Ballon, que fora designado para o cargo pelo n\u00facleo duro do ex-governador Cl\u00e1udio Castro (PL). Rolim deve assumir o [&hellip;]<\/p>\n","protected":false},"author":3,"featured_media":9197,"comment_status":"open","ping_status":"open","sticky":false,"template":"","format":"standard","meta":{"advanced_seo_description":"","jetpack_seo_html_title":"","jetpack_seo_noindex":false,"fifu_image_url":"https:\/\/temporealrj.com\/wp-content\/uploads\/2026\/04\/WhatsApp-Image-2026-04-15-at-21.32.20-e1776299576887.jpeg","fifu_image_alt":"","_jetpack_memberships_contains_paid_content":false,"footnotes":"","jetpack_publicize_message":"","jetpack_publicize_feature_enabled":true,"jetpack_social_post_already_shared":true,"jetpack_social_options":{"image_generator_settings":{"template":"highway","default_image_id":0,"font":"","enabled":false},"version":2}},"categories":[107],"tags":[],"class_list":{"0":"post-9196","1":"post","2":"type-post","3":"status-publish","4":"format-standard","5":"has-post-thumbnail","7":"category-economia"},"jetpack_publicize_connections":[],"jetpack_featured_media_url":"https:\/\/i0.wp.com\/temporealrj.com\/wp-content\/uploads\/2026\/04\/WhatsApp-Image-2026-04-15-at-21.32.20-e1776299576887.jpeg?fit=%2C&ssl=1","jetpack_sharing_enabled":true,"jetpack-related-posts":[],"_links":{"self":[{"href":"https:\/\/friburgonoticias.com.br\/temp\/wp-json\/wp\/v2\/posts\/9196","targetHints":{"allow":["GET"]}}],"collection":[{"href":"https:\/\/friburgonoticias.com.br\/temp\/wp-json\/wp\/v2\/posts"}],"about":[{"href":"https:\/\/friburgonoticias.com.br\/temp\/wp-json\/wp\/v2\/types\/post"}],"author":[{"embeddable":true,"href":"https:\/\/friburgonoticias.com.br\/temp\/wp-json\/wp\/v2\/users\/3"}],"replies":[{"embeddable":true,"href":"https:\/\/friburgonoticias.com.br\/temp\/wp-json\/wp\/v2\/comments?post=9196"}],"version-history":[{"count":0,"href":"https:\/\/friburgonoticias.com.br\/temp\/wp-json\/wp\/v2\/posts\/9196\/revisions"}],"wp:featuredmedia":[{"embeddable":true,"href":"https:\/\/friburgonoticias.com.br\/temp\/wp-json\/wp\/v2\/media\/9197"}],"wp:attachment":[{"href":"https:\/\/friburgonoticias.com.br\/temp\/wp-json\/wp\/v2\/media?parent=9196"}],"wp:term":[{"taxonomy":"category","embeddable":true,"href":"https:\/\/friburgonoticias.com.br\/temp\/wp-json\/wp\/v2\/categories?post=9196"},{"taxonomy":"post_tag","embeddable":true,"href":"https:\/\/friburgonoticias.com.br\/temp\/wp-json\/wp\/v2\/tags?post=9196"}],"curies":[{"name":"wp","href":"https:\/\/api.w.org\/{rel}","templated":true}]}}