{"id":9284,"date":"2026-04-17T21:15:48","date_gmt":"2026-04-17T21:15:48","guid":{"rendered":"https:\/\/friburgonoticias.com.br\/temp\/2026\/04\/17\/paes-inicia-pre-campanha-pelo-interior-do-rio-com-direito-a-cavalgada-e-chapeu-de-vaqueiro\/"},"modified":"2026-04-17T21:15:48","modified_gmt":"2026-04-17T21:15:48","slug":"paes-inicia-pre-campanha-pelo-interior-do-rio-com-direito-a-cavalgada-e-chapeu-de-vaqueiro","status":"publish","type":"post","link":"https:\/\/friburgonoticias.com.br\/temp\/2026\/04\/17\/paes-inicia-pre-campanha-pelo-interior-do-rio-com-direito-a-cavalgada-e-chapeu-de-vaqueiro\/","title":{"rendered":"Paes inicia pr\u00e9-campanha pelo interior do Rio com direito a cavalgada e chap\u00e9u de vaqueiro"},"content":{"rendered":"<p><\/p>\n<div itemprop=\"articleBody\">\nEduardo Paes (PSD) iniciou oficialmente, nesta sexta-feira (17), a sua pr\u00e9-campanha ao governo do estado pelo interior do Rio. Com o s\u00edmbolo da carioquice, o <a href=\"https:\/\/temporealrj.com\/adeus-chapeu-panama-paes-aposenta-adereco-tipico-da-carioquice-atravessa-a-ponte-e-cumpre-circuito-de-festas-do-interior\/\">bom e velho chap\u00e9u de vaqueiro<\/a>, o ex-prefeito cavalgou at\u00e9 Macuco, na Regi\u00e3o Serrana.<\/p>\n<p>A ida ao interior marca a principal estrat\u00e9gia de tirar de si o cheiro de pol\u00edtico da Regi\u00e3o Metropolitana e atrair eleitores de outras regi\u00f5es fluminenses, como o Norte, Sul, Centro-Sul, Noroeste, Costa Verde, Serrana e Litor\u00e2nea.<\/p>\n<p>\u201cT\u00e1 achando que eu n\u00e3o sou pe\u00e3o, velho?\u201d, brincou Paes durante um <a href=\"https:\/\/www.instagram.com\/eduardopaes\/\" target=\"_blank\" rel=\"noopener\">v\u00eddeo da viagem em suas redes sociais.<\/a>\n<\/div>\n<p><script async src=\"\/\/www.instagram.com\/embed.js\"><\/script><br \/>\n<br \/><\/a><\/p>\n<p>Fonte: temporealrj.com<\/p>\n","protected":false},"excerpt":{"rendered":"<p>Eduardo Paes (PSD) iniciou oficialmente, nesta sexta-feira (17), a sua pr\u00e9-campanha ao governo do estado pelo interior do Rio. Com o s\u00edmbolo da carioquice, o bom e velho chap\u00e9u de vaqueiro, o ex-prefeito cavalgou at\u00e9 Macuco, na Regi\u00e3o Serrana. A ida ao interior marca a principal estrat\u00e9gia de tirar de si o cheiro de pol\u00edtico [&hellip;]<\/p>\n","protected":false},"author":3,"featured_media":9285,"comment_status":"open","ping_status":"open","sticky":false,"template":"","format":"standard","meta":{"advanced_seo_description":"","jetpack_seo_html_title":"","jetpack_seo_noindex":false,"fifu_image_url":"https:\/\/temporealrj.com\/wp-content\/uploads\/2026\/04\/Miniatura-do-YouTube-Antes-e-Depois-Edicao-de-Foto-Branco-e-Roxo-4-1-e1776456031354.png","fifu_image_alt":"","_jetpack_memberships_contains_paid_content":false,"footnotes":"","jetpack_publicize_message":"","jetpack_publicize_feature_enabled":true,"jetpack_social_post_already_shared":true,"jetpack_social_options":{"image_generator_settings":{"template":"highway","default_image_id":0,"font":"","enabled":false},"version":2}},"categories":[106,1],"tags":[],"class_list":{"0":"post-9284","1":"post","2":"type-post","3":"status-publish","4":"format-standard","5":"has-post-thumbnail","7":"category-politica","8":"category-uncategorized"},"jetpack_publicize_connections":[],"jetpack_featured_media_url":"https:\/\/i0.wp.com\/temporealrj.com\/wp-content\/uploads\/2026\/04\/Miniatura-do-YouTube-Antes-e-Depois-Edicao-de-Foto-Branco-e-Roxo-4-1-e1776456031354.png?fit=%2C&ssl=1","jetpack_sharing_enabled":true,"jetpack-related-posts":[],"_links":{"self":[{"href":"https:\/\/friburgonoticias.com.br\/temp\/wp-json\/wp\/v2\/posts\/9284","targetHints":{"allow":["GET"]}}],"collection":[{"href":"https:\/\/friburgonoticias.com.br\/temp\/wp-json\/wp\/v2\/posts"}],"about":[{"href":"https:\/\/friburgonoticias.com.br\/temp\/wp-json\/wp\/v2\/types\/post"}],"author":[{"embeddable":true,"href":"https:\/\/friburgonoticias.com.br\/temp\/wp-json\/wp\/v2\/users\/3"}],"replies":[{"embeddable":true,"href":"https:\/\/friburgonoticias.com.br\/temp\/wp-json\/wp\/v2\/comments?post=9284"}],"version-history":[{"count":0,"href":"https:\/\/friburgonoticias.com.br\/temp\/wp-json\/wp\/v2\/posts\/9284\/revisions"}],"wp:featuredmedia":[{"embeddable":true,"href":"https:\/\/friburgonoticias.com.br\/temp\/wp-json\/wp\/v2\/media\/9285"}],"wp:attachment":[{"href":"https:\/\/friburgonoticias.com.br\/temp\/wp-json\/wp\/v2\/media?parent=9284"}],"wp:term":[{"taxonomy":"category","embeddable":true,"href":"https:\/\/friburgonoticias.com.br\/temp\/wp-json\/wp\/v2\/categories?post=9284"},{"taxonomy":"post_tag","embeddable":true,"href":"https:\/\/friburgonoticias.com.br\/temp\/wp-json\/wp\/v2\/tags?post=9284"}],"curies":[{"name":"wp","href":"https:\/\/api.w.org\/{rel}","templated":true}]}}