{"id":9296,"date":"2026-04-18T19:40:04","date_gmt":"2026-04-18T19:40:04","guid":{"rendered":"https:\/\/friburgonoticias.com.br\/temp\/2026\/04\/18\/couto-exonera-diretor-financeiro-da-cedae-ligado-a-castro-e-a-investimentos-de-r-218-milhoes-no-banco-master\/"},"modified":"2026-04-18T19:40:04","modified_gmt":"2026-04-18T19:40:04","slug":"couto-exonera-diretor-financeiro-da-cedae-ligado-a-castro-e-a-investimentos-de-r-218-milhoes-no-banco-master","status":"publish","type":"post","link":"https:\/\/friburgonoticias.com.br\/temp\/2026\/04\/18\/couto-exonera-diretor-financeiro-da-cedae-ligado-a-castro-e-a-investimentos-de-r-218-milhoes-no-banco-master\/","title":{"rendered":"Couto exonera diretor financeiro da Cedae ligado a Castro e a investimentos de R$ 218 milh\u00f5es no Banco Master"},"content":{"rendered":"<p><\/p>\n<div itemprop=\"articleBody\">\nDepois de<a href=\"https:\/\/temporealrj.com\/couto-nomeia-procurador-cedae\/\"> exonerar o presidente Agnaldo Ballon<\/a>, o governador em exerc\u00edcio Ricardo Couto deu sequ\u00eancia \u00e0 limpa na <a href=\"https:\/\/www.cedae.com.br\/\" target=\"_blank\" rel=\"noopener\">Companhia Estadual de \u00c1guas e Esgotos do Rio (Cedae).<\/a> O desembargador retirou do cargo o diretor financeiro Antonio Carlos dos Santos, ligado ao ex-governador Cl\u00e1udio Castro (PL) e aos investimentos de R$ 218 milh\u00f5es da estatal no Banco Master.<\/p>\n<p>Antonio Carlos ocupava a diretoria quando foram flexibilizadas as regras de aplica\u00e7\u00f5es financeiras da Cedae, o que permitiu, em 2023, a compra de R$ 218 milh\u00f5es em pap\u00e9is do Banco Master, liquidado extrajudicialmente em 8 de novembro de 2025.<\/p>\n<h2 class=\"wp-block-heading\">Aportes da Cedae no Banco Master entram na mira do TCE<\/h2>\n<p>Os investimentos da estatal no banco est\u00e3o sendo investigados pelo Tribunal de Contas do Estado (TCE-RJ) e pela Comiss\u00e3o de Valores Mobili\u00e1rios (CVM), al\u00e9m de serem alvo de uma a\u00e7\u00e3o popular que questiona os valores aplicados. Apenas com a contrata\u00e7\u00e3o de escrit\u00f3rios de advocacia para sua defesa, a companhia prev\u00ea gastar at\u00e9 R$ 7,9 milh\u00f5es.<\/p>\n<p>O ex-diretor foi assessor no gabinete de Castro antes de assumir a diretoria da Cedae, no fim de 2022, e tamb\u00e9m presidiu o Detran-RJ em 2020. A estatal \u00e9 marcada pela influ\u00eancia de diferentes grupos pol\u00edticos, com diretorias ocupadas por indica\u00e7\u00f5es de aliados do ex-governador, do ex-vice-governador Thiago Pampolha e do ex-secret\u00e1rio Nicola Miccione (PL).\n<\/p><\/div>\n<p><\/a><\/p>\n<p>Fonte: temporealrj.com<\/p>\n","protected":false},"excerpt":{"rendered":"<p>Depois de exonerar o presidente Agnaldo Ballon, o governador em exerc\u00edcio Ricardo Couto deu sequ\u00eancia \u00e0 limpa na Companhia Estadual de \u00c1guas e Esgotos do Rio (Cedae). O desembargador retirou do cargo o diretor financeiro Antonio Carlos dos Santos, ligado ao ex-governador Cl\u00e1udio Castro (PL) e aos investimentos de R$ 218 milh\u00f5es da estatal no [&hellip;]<\/p>\n","protected":false},"author":3,"featured_media":9297,"comment_status":"open","ping_status":"open","sticky":false,"template":"","format":"standard","meta":{"advanced_seo_description":"","jetpack_seo_html_title":"","jetpack_seo_noindex":false,"fifu_image_url":"https:\/\/temporealrj.com\/wp-content\/uploads\/2026\/04\/Miniatura-do-YouTube-Antes-e-Depois-Edicao-de-Foto-Branco-e-Roxo-8-e1776536553646.png","fifu_image_alt":"","_jetpack_memberships_contains_paid_content":false,"footnotes":"","jetpack_publicize_message":"","jetpack_publicize_feature_enabled":true,"jetpack_social_post_already_shared":true,"jetpack_social_options":{"image_generator_settings":{"template":"highway","default_image_id":0,"font":"","enabled":false},"version":2}},"categories":[106,1],"tags":[],"class_list":{"0":"post-9296","1":"post","2":"type-post","3":"status-publish","4":"format-standard","5":"has-post-thumbnail","7":"category-politica","8":"category-uncategorized"},"jetpack_publicize_connections":[],"jetpack_featured_media_url":"https:\/\/i0.wp.com\/temporealrj.com\/wp-content\/uploads\/2026\/04\/Miniatura-do-YouTube-Antes-e-Depois-Edicao-de-Foto-Branco-e-Roxo-8-e1776536553646.png?fit=%2C&ssl=1","jetpack_sharing_enabled":true,"jetpack-related-posts":[],"_links":{"self":[{"href":"https:\/\/friburgonoticias.com.br\/temp\/wp-json\/wp\/v2\/posts\/9296","targetHints":{"allow":["GET"]}}],"collection":[{"href":"https:\/\/friburgonoticias.com.br\/temp\/wp-json\/wp\/v2\/posts"}],"about":[{"href":"https:\/\/friburgonoticias.com.br\/temp\/wp-json\/wp\/v2\/types\/post"}],"author":[{"embeddable":true,"href":"https:\/\/friburgonoticias.com.br\/temp\/wp-json\/wp\/v2\/users\/3"}],"replies":[{"embeddable":true,"href":"https:\/\/friburgonoticias.com.br\/temp\/wp-json\/wp\/v2\/comments?post=9296"}],"version-history":[{"count":0,"href":"https:\/\/friburgonoticias.com.br\/temp\/wp-json\/wp\/v2\/posts\/9296\/revisions"}],"wp:featuredmedia":[{"embeddable":true,"href":"https:\/\/friburgonoticias.com.br\/temp\/wp-json\/wp\/v2\/media\/9297"}],"wp:attachment":[{"href":"https:\/\/friburgonoticias.com.br\/temp\/wp-json\/wp\/v2\/media?parent=9296"}],"wp:term":[{"taxonomy":"category","embeddable":true,"href":"https:\/\/friburgonoticias.com.br\/temp\/wp-json\/wp\/v2\/categories?post=9296"},{"taxonomy":"post_tag","embeddable":true,"href":"https:\/\/friburgonoticias.com.br\/temp\/wp-json\/wp\/v2\/tags?post=9296"}],"curies":[{"name":"wp","href":"https:\/\/api.w.org\/{rel}","templated":true}]}}