{"id":9298,"date":"2026-04-18T19:54:16","date_gmt":"2026-04-18T19:54:16","guid":{"rendered":"https:\/\/friburgonoticias.com.br\/temp\/2026\/04\/18\/selva-urbana-de-crime-e-corrupcao\/"},"modified":"2026-04-18T19:54:16","modified_gmt":"2026-04-18T19:54:16","slug":"selva-urbana-de-crime-e-corrupcao","status":"publish","type":"post","link":"https:\/\/friburgonoticias.com.br\/temp\/2026\/04\/18\/selva-urbana-de-crime-e-corrupcao\/","title":{"rendered":"&#8216;Selva urbana de crime e corrup\u00e7\u00e3o&#8217;"},"content":{"rendered":"<p><\/p>\n<div itemprop=\"articleBody\">\nA <a href=\"https:\/\/www.economist.com\/the-americas\/2026\/04\/16\/rio-de-janeiro-is-a-beautiful-warning-to-the-rest-of-brazil\" target=\"_blank\" rel=\"noopener\">tradicional revista brit\u00e2nica The Economist<\/a> publicou, na \u00faltima quinta-feira (16), uma reportagem com fortes cr\u00edticas \u00e0 <a href=\"https:\/\/temporealrj.com\/castro-couto-alerta-governo-estado\/\">situa\u00e7\u00e3o pol\u00edtica e institucional do estado do Rio<\/a>. O texto recebeu o t\u00edtulo \u201cRio de Janeiro is a beautiful warning to the rest of Brazil\u201d, que, em tradu\u00e7\u00e3o livre, significa \u201cO Rio de Janeiro \u00e9 um belo aviso para o resto do Brasil\u201d.<\/p>\n<p>A mat\u00e9ria descreve o que chamou de \u201cfantasia ex\u00f3tica\u201d. Para a The Economist, h\u00e1 um contraste entre uma cidade que vive um momento de alta no turismo internacional \u2014 com 2,1 milh\u00f5es de visitantes em 2025 \u2014 e a instabilidade institucional do estado, marcada pelo afastamento e pris\u00e3o de ex-governadores, al\u00e9m da infiltra\u00e7\u00e3o do crime organizado na pol\u00edtica local.<\/p>\n<h2 class=\"wp-block-heading\">A conturbada sucess\u00e3o do governo do estado<\/h2>\n<p>Atualmente, o estado est\u00e1 sob o comando do desembargador Ricardo Couto, ap\u00f3s as ren\u00fancias do ex-governador Cl\u00e1udio Castro (PL) e do ex-vice Thiago Pampolha, ambos declarados ineleg\u00edveis pelo Tribunal Superior Eleitoral (TSE). J\u00e1 o ex-presidente da Assembleia Legislativa do Rio (Alerj), Rodrigo Bacellar (Uni\u00e3o Brasil), al\u00e9m de ineleg\u00edvel, teve o mandato cassado.<\/p>\n<p>Todo o cen\u00e1rio pol\u00edtico e institucional \u00e9 descrito da seguinte forma: \u201cWelcome to the other Rio de Janeiro: an urban jungle thick with the tendrils of crime and corruption\u201d. A tradu\u00e7\u00e3o livre \u00e9: \u201cBem-vindo ao outro Rio de Janeiro: uma selva urbana densa, com os tent\u00e1culos do crime e da corrup\u00e7\u00e3o\u201d.<\/p>\n<p><em>Com informa\u00e7\u00f5es do jornal O Globo. <\/em>\n<\/div>\n<p><\/a><\/p>\n<p>Fonte: temporealrj.com<\/p>\n","protected":false},"excerpt":{"rendered":"<p>A tradicional revista brit\u00e2nica The Economist publicou, na \u00faltima quinta-feira (16), uma reportagem com fortes cr\u00edticas \u00e0 situa\u00e7\u00e3o pol\u00edtica e institucional do estado do Rio. O texto recebeu o t\u00edtulo \u201cRio de Janeiro is a beautiful warning to the rest of Brazil\u201d, que, em tradu\u00e7\u00e3o livre, significa \u201cO Rio de Janeiro \u00e9 um belo aviso [&hellip;]<\/p>\n","protected":false},"author":3,"featured_media":9299,"comment_status":"open","ping_status":"open","sticky":false,"template":"","format":"standard","meta":{"advanced_seo_description":"","jetpack_seo_html_title":"","jetpack_seo_noindex":false,"fifu_image_url":"https:\/\/temporealrj.com\/wp-content\/uploads\/2026\/04\/Captura-de-tela-2026-04-18-133053-e1776540372970.webp","fifu_image_alt":"","_jetpack_memberships_contains_paid_content":false,"footnotes":"","jetpack_publicize_message":"","jetpack_publicize_feature_enabled":true,"jetpack_social_post_already_shared":true,"jetpack_social_options":{"image_generator_settings":{"template":"highway","default_image_id":0,"font":"","enabled":false},"version":2}},"categories":[107],"tags":[],"class_list":{"0":"post-9298","1":"post","2":"type-post","3":"status-publish","4":"format-standard","5":"has-post-thumbnail","7":"category-economia"},"jetpack_publicize_connections":[],"jetpack_featured_media_url":"https:\/\/i0.wp.com\/temporealrj.com\/wp-content\/uploads\/2026\/04\/Captura-de-tela-2026-04-18-133053-e1776540372970.webp?fit=%2C&ssl=1","jetpack_sharing_enabled":true,"jetpack-related-posts":[],"_links":{"self":[{"href":"https:\/\/friburgonoticias.com.br\/temp\/wp-json\/wp\/v2\/posts\/9298","targetHints":{"allow":["GET"]}}],"collection":[{"href":"https:\/\/friburgonoticias.com.br\/temp\/wp-json\/wp\/v2\/posts"}],"about":[{"href":"https:\/\/friburgonoticias.com.br\/temp\/wp-json\/wp\/v2\/types\/post"}],"author":[{"embeddable":true,"href":"https:\/\/friburgonoticias.com.br\/temp\/wp-json\/wp\/v2\/users\/3"}],"replies":[{"embeddable":true,"href":"https:\/\/friburgonoticias.com.br\/temp\/wp-json\/wp\/v2\/comments?post=9298"}],"version-history":[{"count":0,"href":"https:\/\/friburgonoticias.com.br\/temp\/wp-json\/wp\/v2\/posts\/9298\/revisions"}],"wp:featuredmedia":[{"embeddable":true,"href":"https:\/\/friburgonoticias.com.br\/temp\/wp-json\/wp\/v2\/media\/9299"}],"wp:attachment":[{"href":"https:\/\/friburgonoticias.com.br\/temp\/wp-json\/wp\/v2\/media?parent=9298"}],"wp:term":[{"taxonomy":"category","embeddable":true,"href":"https:\/\/friburgonoticias.com.br\/temp\/wp-json\/wp\/v2\/categories?post=9298"},{"taxonomy":"post_tag","embeddable":true,"href":"https:\/\/friburgonoticias.com.br\/temp\/wp-json\/wp\/v2\/tags?post=9298"}],"curies":[{"name":"wp","href":"https:\/\/api.w.org\/{rel}","templated":true}]}}