{"id":9300,"date":"2026-04-18T22:57:12","date_gmt":"2026-04-18T22:57:12","guid":{"rendered":"https:\/\/friburgonoticias.com.br\/temp\/2026\/04\/18\/carlos-minc-da-frente-de-oposicao-a-douglas-ruas-na-alerj-leva-suas-demandas-ao-governador-ricardo-couto\/"},"modified":"2026-04-18T22:57:12","modified_gmt":"2026-04-18T22:57:12","slug":"carlos-minc-da-frente-de-oposicao-a-douglas-ruas-na-alerj-leva-suas-demandas-ao-governador-ricardo-couto","status":"publish","type":"post","link":"https:\/\/friburgonoticias.com.br\/temp\/2026\/04\/18\/carlos-minc-da-frente-de-oposicao-a-douglas-ruas-na-alerj-leva-suas-demandas-ao-governador-ricardo-couto\/","title":{"rendered":"Carlos Minc, da frente de oposi\u00e7\u00e3o a Douglas Ruas na Alerj, leva suas demandas ao governador Ricardo Couto"},"content":{"rendered":"<p><\/p>\n<div itemprop=\"articleBody\">\nA <a href=\"https:\/\/temporealrj.com\/castro-couto-alerta-governo-estado\/\">agenda do governador em exerc\u00edcio Ricardo Couto<\/a> foi mesmo cheia nesta sexta-feira (17). Al\u00e9m de reuni\u00f5es com seus secret\u00e1rios, com o ex-governador Cl\u00e1udio Castro (PL) e com o novo presidente da Assembleia Legislativa do Rio (Alerj), Douglas Ruas (PL), ele ainda recebeu com o deputado estadual Carlos Minc (PSB).<\/p>\n<p>Minc integra uma frente de 25 deputados de sete partidos que se op\u00f4s \u00e0 <a href=\"https:\/\/temporealrj.com\/novo-presidente-eleicao-alerj\/\">elei\u00e7\u00e3o de Douglas para a presid\u00eancia da Casa Legislativa nesta sexta-feira<\/a>. No encontro, o parlamentar elogiou Couto pelas 544 exonera\u00e7\u00f5es do governo e agradeceu a revoga\u00e7\u00e3o do decreto de Castro que retirava a prote\u00e7\u00e3o de cinco \u00c1reas de Preserva\u00e7\u00e3o Ambiental (APAs).<\/p>\n<p>Mas nem s\u00f3 de agradecimentos vive um deputado.<\/p>\n<p>O decano da Alerj tamb\u00e9m levou ao governador em exerc\u00edcio a demanda pelo reajuste dos profissionais da Universidade do Estado do Rio (Uerj), que est\u00e3o em greve desde o fim de mar\u00e7o. Tamb\u00e9m solicitou a regulamenta\u00e7\u00e3o da lei que obriga o uso de c\u00e2meras nos uniformes policiais.<\/p>\n<p>\u201cAli\u00e1s, est\u00e1 um vexame. Em 70% das demandas do Minist\u00e9rio P\u00fablico e da Defensoria, n\u00e3o entregam as imagens, alegam que n\u00e3o estavam dispon\u00edveis, que estavam defeituosas ou sem bateria. Ent\u00e3o ele se comprometeu, sim, a fazer um novo decreto\u201d, destacou.<\/p>\n<p>Por fim, pediu aten\u00e7\u00e3o \u00e0 demanda da categoria dos peritos do estado.<\/p>\n<p>\u201cO Rio \u00e9 o \u00fanico estado que n\u00e3o tem a per\u00edcia aut\u00f4noma nem \u00e9 comandada por um perito. Ele n\u00e3o sabia dessa informa\u00e7\u00e3o. A gente fundamentou e a proposta \u00e9 que a Subsecretaria de Pol\u00edcia T\u00e9cnico-Cient\u00edfica seja comandada por um perito, como j\u00e1 ocorre em todos os outros estados\u201d, finalizou.\n<\/p><\/div>\n<p><\/a><\/p>\n<p>Fonte: temporealrj.com<\/p>\n","protected":false},"excerpt":{"rendered":"<p>A agenda do governador em exerc\u00edcio Ricardo Couto foi mesmo cheia nesta sexta-feira (17). Al\u00e9m de reuni\u00f5es com seus secret\u00e1rios, com o ex-governador Cl\u00e1udio Castro (PL) e com o novo presidente da Assembleia Legislativa do Rio (Alerj), Douglas Ruas (PL), ele ainda recebeu com o deputado estadual Carlos Minc (PSB). Minc integra uma frente de [&hellip;]<\/p>\n","protected":false},"author":3,"featured_media":9301,"comment_status":"open","ping_status":"open","sticky":false,"template":"","format":"standard","meta":{"advanced_seo_description":"","jetpack_seo_html_title":"","jetpack_seo_noindex":false,"fifu_image_url":"https:\/\/temporealrj.com\/wp-content\/uploads\/2026\/04\/geral_16_04_26_Thiago-Lontra-09441-scaled-e1776543610465.jpg","fifu_image_alt":"","_jetpack_memberships_contains_paid_content":false,"footnotes":"","jetpack_publicize_message":"","jetpack_publicize_feature_enabled":true,"jetpack_social_post_already_shared":true,"jetpack_social_options":{"image_generator_settings":{"template":"highway","default_image_id":0,"font":"","enabled":false},"version":2}},"categories":[106,1],"tags":[],"class_list":{"0":"post-9300","1":"post","2":"type-post","3":"status-publish","4":"format-standard","5":"has-post-thumbnail","7":"category-politica","8":"category-uncategorized"},"jetpack_publicize_connections":[],"jetpack_featured_media_url":"https:\/\/i0.wp.com\/temporealrj.com\/wp-content\/uploads\/2026\/04\/geral_16_04_26_Thiago-Lontra-09441-scaled-e1776543610465.jpg?fit=%2C&ssl=1","jetpack_sharing_enabled":true,"jetpack-related-posts":[],"_links":{"self":[{"href":"https:\/\/friburgonoticias.com.br\/temp\/wp-json\/wp\/v2\/posts\/9300","targetHints":{"allow":["GET"]}}],"collection":[{"href":"https:\/\/friburgonoticias.com.br\/temp\/wp-json\/wp\/v2\/posts"}],"about":[{"href":"https:\/\/friburgonoticias.com.br\/temp\/wp-json\/wp\/v2\/types\/post"}],"author":[{"embeddable":true,"href":"https:\/\/friburgonoticias.com.br\/temp\/wp-json\/wp\/v2\/users\/3"}],"replies":[{"embeddable":true,"href":"https:\/\/friburgonoticias.com.br\/temp\/wp-json\/wp\/v2\/comments?post=9300"}],"version-history":[{"count":0,"href":"https:\/\/friburgonoticias.com.br\/temp\/wp-json\/wp\/v2\/posts\/9300\/revisions"}],"wp:featuredmedia":[{"embeddable":true,"href":"https:\/\/friburgonoticias.com.br\/temp\/wp-json\/wp\/v2\/media\/9301"}],"wp:attachment":[{"href":"https:\/\/friburgonoticias.com.br\/temp\/wp-json\/wp\/v2\/media?parent=9300"}],"wp:term":[{"taxonomy":"category","embeddable":true,"href":"https:\/\/friburgonoticias.com.br\/temp\/wp-json\/wp\/v2\/categories?post=9300"},{"taxonomy":"post_tag","embeddable":true,"href":"https:\/\/friburgonoticias.com.br\/temp\/wp-json\/wp\/v2\/tags?post=9300"}],"curies":[{"name":"wp","href":"https:\/\/api.w.org\/{rel}","templated":true}]}}