{"id":9328,"date":"2026-04-21T10:47:27","date_gmt":"2026-04-21T10:47:27","guid":{"rendered":"https:\/\/friburgonoticias.com.br\/temp\/2026\/04\/21\/governo-do-estado-exonera-mais-83-nas-secretarias-de-governo-e-do-gabinete-do-governador-demissoes-ja-atingiram-627-servidores\/"},"modified":"2026-04-21T10:47:27","modified_gmt":"2026-04-21T10:47:27","slug":"governo-do-estado-exonera-mais-83-nas-secretarias-de-governo-e-do-gabinete-do-governador-demissoes-ja-atingiram-627-servidores","status":"publish","type":"post","link":"https:\/\/friburgonoticias.com.br\/temp\/2026\/04\/21\/governo-do-estado-exonera-mais-83-nas-secretarias-de-governo-e-do-gabinete-do-governador-demissoes-ja-atingiram-627-servidores\/","title":{"rendered":"Governo do estado exonera mais 83 nas secretarias de Governo e do Gabinete do Governador; demiss\u00f5es j\u00e1 atingiram 627 servidores"},"content":{"rendered":"<p><\/p>\n<div itemprop=\"articleBody\">\nO governo do estado exonerou, em mais uma edi\u00e7\u00e3o extraordin\u00e1ria do Di\u00e1rio Oficial \u2014 que entrou no ar depois das 23h desta segunda-feira (20) \u2014 83 pessoas que ocupavam cargos comissionados nas secretarias de Governo (Segov) e do Gabinete do Governador. \u00c9 mais uma etapa da demiss\u00e3o em massa promovida pelo governador em exerc\u00edcio, Ricardo Couto, nas secretarias mais pol\u00edticas do estado, Segov, Gabinete e Casa Civil.<\/p>\n<p>De acordo com o governo, um levantamento identificou inconsist\u00eancias funcionais em muitos casos, como aus\u00eancia de registro de acesso aos sistemas internos e inexist\u00eancia de credenciamento institucional.<\/p>\n<p>Com a nova rodada, o\u00a0<a href=\"https:\/\/temporealrj.com\/governo-rj-327-exoneracoes-48h-casa-civil-alvo\/\">total de exonera\u00e7\u00f5es\u00a0<\/a>j\u00e1 chega a atingir 627 servidores \u2014 sendo 544 em publica\u00e7\u00f5es anteriores.<\/p>\n<p>A iniciativa integra o conjunto de medidas implementadas pelo governador em exerc\u00edcio, que incluem auditorias e revis\u00e3o de estruturas administrativas e contratos. A devassa, e os cortes, dever\u00e3o ser ampliados para outros \u00f3rg\u00e3os da administra\u00e7\u00e3o estadual.<\/p>\n<figure class=\"wp-block-image size-full\"><img loading=\"lazy\" decoding=\"async\" width=\"897\" height=\"473\" src=\"https:\/\/temporealrj.com\/wp-content\/uploads\/2026\/04\/WhatsApp-Image-2026-04-21-at-07.25.12.jpeg\" alt=\"WhatsApp Image 2026 04 21 at 07.25.12\" class=\"wp-image-130697\" title=\"Governo do estado exonera mais 83 nas secretarias de Governo e do Gabinete do Governador; demiss\u00f5es j\u00e1 atingiram 627 servidores 62\" srcset=\"https:\/\/temporealrj.com\/wp-content\/uploads\/2026\/04\/WhatsApp-Image-2026-04-21-at-07.25.12.jpeg 897w, https:\/\/temporealrj.com\/wp-content\/uploads\/2026\/04\/WhatsApp-Image-2026-04-21-at-07.25.12-300x158.jpeg 300w, https:\/\/temporealrj.com\/wp-content\/uploads\/2026\/04\/WhatsApp-Image-2026-04-21-at-07.25.12-768x405.jpeg 768w, https:\/\/temporealrj.com\/wp-content\/uploads\/2026\/04\/WhatsApp-Image-2026-04-21-at-07.25.12-860x453.jpeg 860w\" sizes=\"auto, (max-width: 897px) 100vw, 897px\"\/><\/figure>\n<\/div>\n<p><\/a><\/p>\n<p>Fonte: temporealrj.com<\/p>\n","protected":false},"excerpt":{"rendered":"<p>O governo do estado exonerou, em mais uma edi\u00e7\u00e3o extraordin\u00e1ria do Di\u00e1rio Oficial \u2014 que entrou no ar depois das 23h desta segunda-feira (20) \u2014 83 pessoas que ocupavam cargos comissionados nas secretarias de Governo (Segov) e do Gabinete do Governador. \u00c9 mais uma etapa da demiss\u00e3o em massa promovida pelo governador em exerc\u00edcio, Ricardo [&hellip;]<\/p>\n","protected":false},"author":3,"featured_media":9329,"comment_status":"open","ping_status":"open","sticky":false,"template":"","format":"standard","meta":{"advanced_seo_description":"","jetpack_seo_html_title":"","jetpack_seo_noindex":false,"fifu_image_url":"https:\/\/temporealrj.com\/wp-content\/uploads\/2026\/03\/WhatsApp-Image-2026-03-29-at-20.21.55.jpeg","fifu_image_alt":"","_jetpack_memberships_contains_paid_content":false,"footnotes":"","jetpack_publicize_message":"","jetpack_publicize_feature_enabled":true,"jetpack_social_post_already_shared":true,"jetpack_social_options":{"image_generator_settings":{"template":"highway","default_image_id":0,"font":"","enabled":false},"version":2}},"categories":[106,1],"tags":[],"class_list":{"0":"post-9328","1":"post","2":"type-post","3":"status-publish","4":"format-standard","5":"has-post-thumbnail","7":"category-politica","8":"category-uncategorized"},"jetpack_publicize_connections":[],"jetpack_featured_media_url":"https:\/\/i0.wp.com\/temporealrj.com\/wp-content\/uploads\/2026\/03\/WhatsApp-Image-2026-03-29-at-20.21.55.jpeg?fit=%2C&ssl=1","jetpack_sharing_enabled":true,"jetpack-related-posts":[],"_links":{"self":[{"href":"https:\/\/friburgonoticias.com.br\/temp\/wp-json\/wp\/v2\/posts\/9328","targetHints":{"allow":["GET"]}}],"collection":[{"href":"https:\/\/friburgonoticias.com.br\/temp\/wp-json\/wp\/v2\/posts"}],"about":[{"href":"https:\/\/friburgonoticias.com.br\/temp\/wp-json\/wp\/v2\/types\/post"}],"author":[{"embeddable":true,"href":"https:\/\/friburgonoticias.com.br\/temp\/wp-json\/wp\/v2\/users\/3"}],"replies":[{"embeddable":true,"href":"https:\/\/friburgonoticias.com.br\/temp\/wp-json\/wp\/v2\/comments?post=9328"}],"version-history":[{"count":0,"href":"https:\/\/friburgonoticias.com.br\/temp\/wp-json\/wp\/v2\/posts\/9328\/revisions"}],"wp:featuredmedia":[{"embeddable":true,"href":"https:\/\/friburgonoticias.com.br\/temp\/wp-json\/wp\/v2\/media\/9329"}],"wp:attachment":[{"href":"https:\/\/friburgonoticias.com.br\/temp\/wp-json\/wp\/v2\/media?parent=9328"}],"wp:term":[{"taxonomy":"category","embeddable":true,"href":"https:\/\/friburgonoticias.com.br\/temp\/wp-json\/wp\/v2\/categories?post=9328"},{"taxonomy":"post_tag","embeddable":true,"href":"https:\/\/friburgonoticias.com.br\/temp\/wp-json\/wp\/v2\/tags?post=9328"}],"curies":[{"name":"wp","href":"https:\/\/api.w.org\/{rel}","templated":true}]}}