{"id":9336,"date":"2026-04-21T21:00:00","date_gmt":"2026-04-21T21:00:00","guid":{"rendered":"https:\/\/friburgonoticias.com.br\/temp\/2026\/04\/21\/justica-determina-remocao-de-postagens-de-ex-secretaria-e-irma-da-prefeita-de-japeri-por-propaganda-eleitoral-antecipada\/"},"modified":"2026-04-21T21:00:00","modified_gmt":"2026-04-21T21:00:00","slug":"justica-determina-remocao-de-postagens-de-ex-secretaria-e-irma-da-prefeita-de-japeri-por-propaganda-eleitoral-antecipada","status":"publish","type":"post","link":"https:\/\/friburgonoticias.com.br\/temp\/2026\/04\/21\/justica-determina-remocao-de-postagens-de-ex-secretaria-e-irma-da-prefeita-de-japeri-por-propaganda-eleitoral-antecipada\/","title":{"rendered":"Justi\u00e7a determina remo\u00e7\u00e3o de postagens de ex-secret\u00e1ria e irm\u00e3 da prefeita de Japeri por propaganda eleitoral antecipada"},"content":{"rendered":"<p><\/p>\n<div itemprop=\"articleBody\">\n<p id=\"p-rc_074f0ad35f1b75d8-19\">Tem gente queimando a largada. O Tribunal Regional Eleitoral (TRE-RJ) determinou que a ex-secret\u00e1ria de Educa\u00e7\u00e3o de Japeri Caroline Ontiveros apague 20 publica\u00e7\u00f5es de seu perfil no Instagram. A decis\u00e3o liminar atende a um <a href=\"https:\/\/temporealrj.com\/mpe-representa-contra-caroline-ontiveros-pre-candidata-a-deputada-estadual\/\">pedido do Minist\u00e9rio P\u00fablico Eleitoral<\/a>, que aponta a pr\u00e1tica de propaganda irregular para as elei\u00e7\u00f5es de 2026.<\/p>\n<p id=\"p-rc_074f0ad35f1b75d8-20\">A Justi\u00e7a identificou que Caroline, pr\u00e9-candidata a deputada estadual, usava de forma sistem\u00e1tica o slogan \u201c#CHEGOU A HORA!\u201d. Para a relatora do processo, desembargadora Maria Paula Gouv\u00eaa Galhardo, a express\u00e3o funciona como uma \u201cpalavra m\u00e1gica\u201d para atrair votos antes do per\u00edodo permitido por lei. <\/p>\n<p id=\"p-rc_074f0ad35f1b75d8-20\">Al\u00e9m disso, a identidade visual das postagens \u2014 que inclu\u00eda um cora\u00e7\u00e3o no lugar da letra \u201co\u201d de seu nome \u2014 foi considerada caracter\u00edstica de campanha eleitoral.<\/p>\n<h2 class=\"wp-block-heading\">Pr\u00e9-candidata \u00e9 estrela em eventos oficiais da Prefeitura de Japeri<\/h2>\n<p id=\"p-rc_074f0ad35f1b75d8-21\">A decis\u00e3o tamb\u00e9m destaca o uso de eventos oficiais da prefeitura, como inaugura\u00e7\u00f5es de escolas e creches, para a promo\u00e7\u00e3o da pr\u00e9-candidata<sup\/>. Em v\u00eddeos anexados ao processo, aliados pol\u00edticos chegam a se referir a ela como \u201cminha deputada estadual\u201d e afirmam que a cidade ir\u00e1 eleger uma representante \u201cnascida na cidade para continuar cuidando do povo\u201d<sup\/><sup\/><sup\/><sup\/>.<\/p>\n<p id=\"p-rc_074f0ad35f1b75d8-22\">De acordo com o tribunal, a posi\u00e7\u00e3o de Caroline como secret\u00e1ria municipal e irm\u00e3 da prefeita de Japeri, Fernanda Ontiveros, gera uma vantagem indevida em rela\u00e7\u00e3o a outros concorrentes, permitindo uma exposi\u00e7\u00e3o antecipada sem os controles cont\u00e1beis exigidos em uma campanha regular.<\/p>\n<p id=\"p-rc_074f0ad35f1b75d8-23\">Al\u00e9m da exclus\u00e3o dos links, a secret\u00e1ria deve se abster de fazer novas postagens com o slogan questionado ou usar bens p\u00fablicos para fins de promo\u00e7\u00e3o pessoal com est\u00e9tica de campanha. <\/p>\n<p>A Meta, respons\u00e1vel pelo Instagram, foi intimado a remover o conte\u00fado em 48 horas. Em caso de descumprimento, foi fixada uma multa di\u00e1ria de mil reais.\n<\/p><\/div>\n<p><\/a><\/p>\n<p>Fonte: temporealrj.com<\/p>\n","protected":false},"excerpt":{"rendered":"<p>Tem gente queimando a largada. O Tribunal Regional Eleitoral (TRE-RJ) determinou que a ex-secret\u00e1ria de Educa\u00e7\u00e3o de Japeri Caroline Ontiveros apague 20 publica\u00e7\u00f5es de seu perfil no Instagram. A decis\u00e3o liminar atende a um pedido do Minist\u00e9rio P\u00fablico Eleitoral, que aponta a pr\u00e1tica de propaganda irregular para as elei\u00e7\u00f5es de 2026. A Justi\u00e7a identificou que [&hellip;]<\/p>\n","protected":false},"author":3,"featured_media":9337,"comment_status":"open","ping_status":"open","sticky":false,"template":"","format":"standard","meta":{"advanced_seo_description":"","jetpack_seo_html_title":"","jetpack_seo_noindex":false,"fifu_image_url":"https:\/\/temporealrj.com\/wp-content\/uploads\/2026\/04\/WhatsApp-Image-2026-04-21-at-16.52.03.jpeg","fifu_image_alt":"","_jetpack_memberships_contains_paid_content":false,"footnotes":"","jetpack_publicize_message":"","jetpack_publicize_feature_enabled":true,"jetpack_social_post_already_shared":true,"jetpack_social_options":{"image_generator_settings":{"template":"highway","default_image_id":0,"font":"","enabled":false},"version":2}},"categories":[107],"tags":[],"class_list":{"0":"post-9336","1":"post","2":"type-post","3":"status-publish","4":"format-standard","5":"has-post-thumbnail","7":"category-economia"},"jetpack_publicize_connections":[],"jetpack_featured_media_url":"https:\/\/i0.wp.com\/temporealrj.com\/wp-content\/uploads\/2026\/04\/WhatsApp-Image-2026-04-21-at-16.52.03.jpeg?fit=%2C&ssl=1","jetpack_sharing_enabled":true,"jetpack-related-posts":[],"_links":{"self":[{"href":"https:\/\/friburgonoticias.com.br\/temp\/wp-json\/wp\/v2\/posts\/9336","targetHints":{"allow":["GET"]}}],"collection":[{"href":"https:\/\/friburgonoticias.com.br\/temp\/wp-json\/wp\/v2\/posts"}],"about":[{"href":"https:\/\/friburgonoticias.com.br\/temp\/wp-json\/wp\/v2\/types\/post"}],"author":[{"embeddable":true,"href":"https:\/\/friburgonoticias.com.br\/temp\/wp-json\/wp\/v2\/users\/3"}],"replies":[{"embeddable":true,"href":"https:\/\/friburgonoticias.com.br\/temp\/wp-json\/wp\/v2\/comments?post=9336"}],"version-history":[{"count":0,"href":"https:\/\/friburgonoticias.com.br\/temp\/wp-json\/wp\/v2\/posts\/9336\/revisions"}],"wp:featuredmedia":[{"embeddable":true,"href":"https:\/\/friburgonoticias.com.br\/temp\/wp-json\/wp\/v2\/media\/9337"}],"wp:attachment":[{"href":"https:\/\/friburgonoticias.com.br\/temp\/wp-json\/wp\/v2\/media?parent=9336"}],"wp:term":[{"taxonomy":"category","embeddable":true,"href":"https:\/\/friburgonoticias.com.br\/temp\/wp-json\/wp\/v2\/categories?post=9336"},{"taxonomy":"post_tag","embeddable":true,"href":"https:\/\/friburgonoticias.com.br\/temp\/wp-json\/wp\/v2\/tags?post=9336"}],"curies":[{"name":"wp","href":"https:\/\/api.w.org\/{rel}","templated":true}]}}