{"id":9338,"date":"2026-04-21T22:01:46","date_gmt":"2026-04-21T22:01:46","guid":{"rendered":"https:\/\/friburgonoticias.com.br\/temp\/2026\/04\/21\/cavaliere-e-o-vereador-vitor-hugo-lancam-obra-na-ilha-do-governador\/"},"modified":"2026-04-21T22:01:46","modified_gmt":"2026-04-21T22:01:46","slug":"cavaliere-e-o-vereador-vitor-hugo-lancam-obra-na-ilha-do-governador","status":"publish","type":"post","link":"https:\/\/friburgonoticias.com.br\/temp\/2026\/04\/21\/cavaliere-e-o-vereador-vitor-hugo-lancam-obra-na-ilha-do-governador\/","title":{"rendered":"Cavaliere e o vereador V\u00edtor Hugo lan\u00e7am obra na Ilha do Governador"},"content":{"rendered":"<p><\/p>\n<div itemprop=\"articleBody\">\nO prefeito Eduardo Cavaliere (PSD) anda o melhor amigo de inf\u00e2ncia do vereador Vitor Hugo (MDB), afilhado pol\u00edtico do ex-prefeito de Caxias Washington Reis. No \u00faltimo fim de semana, a dupla estava juntinha no an\u00fancio do in\u00edcio das obras do <a href=\"https:\/\/temporealrj.com\/morar-carioca-ilha-do-governador\/\">Morar Carioca na comunidade do Cant\u00e3o, na Vila Joaniza, Ilha do Governador<\/a>.<\/p>\n<p>Com direito a muita (e m\u00fatua) rasga\u00e7\u00e3o de seda. O prefeito, que at\u00e9 bem pouco tempo n\u00e3o era de fazer m\u00e9dia com vereadores, foi s\u00f3 elogios para o rapaz, que tamb\u00e9m \u00e9 presidente municipal do MDB.<\/p>\n<p>Disse que a obra no Cant\u00e3o est\u00e1 saindo gra\u00e7as a insist\u00eancia dele.<\/p>\n<p>O Morar Carioca vai levar \u00e0 comunidade saneamento b\u00e1sico, pavimenta\u00e7\u00e3o, cal\u00e7adas, quatro pra\u00e7as completas, \u00e1rea de lazer. Mais de 3.500 moradores ser\u00e3o beneficiados. Com custo de R$ 31 milh\u00f5es, as obras j\u00e1 come\u00e7aram e v\u00e3o durar 20 meses.<\/p>\n<p>Al\u00e9m do prefeito e do vereador, participaram do lan\u00e7amento o deputado estadual Guilherme Schleder (PSD) e o federal Gutemberg Reis (MDB).\n<\/p><\/div>\n<p><\/a><\/p>\n<p>Fonte: temporealrj.com<\/p>\n","protected":false},"excerpt":{"rendered":"<p>O prefeito Eduardo Cavaliere (PSD) anda o melhor amigo de inf\u00e2ncia do vereador Vitor Hugo (MDB), afilhado pol\u00edtico do ex-prefeito de Caxias Washington Reis. No \u00faltimo fim de semana, a dupla estava juntinha no an\u00fancio do in\u00edcio das obras do Morar Carioca na comunidade do Cant\u00e3o, na Vila Joaniza, Ilha do Governador. Com direito a [&hellip;]<\/p>\n","protected":false},"author":3,"featured_media":9339,"comment_status":"open","ping_status":"open","sticky":false,"template":"","format":"standard","meta":{"advanced_seo_description":"","jetpack_seo_html_title":"","jetpack_seo_noindex":false,"fifu_image_url":"https:\/\/temporealrj.com\/wp-content\/uploads\/2026\/04\/WhatsApp-Image-2026-04-19-at-21.22.42-e1776807619595.jpeg","fifu_image_alt":"","_jetpack_memberships_contains_paid_content":false,"footnotes":"","jetpack_publicize_message":"","jetpack_publicize_feature_enabled":true,"jetpack_social_post_already_shared":true,"jetpack_social_options":{"image_generator_settings":{"template":"highway","default_image_id":0,"font":"","enabled":false},"version":2}},"categories":[107],"tags":[],"class_list":{"0":"post-9338","1":"post","2":"type-post","3":"status-publish","4":"format-standard","5":"has-post-thumbnail","7":"category-economia"},"jetpack_publicize_connections":[],"jetpack_featured_media_url":"https:\/\/i0.wp.com\/temporealrj.com\/wp-content\/uploads\/2026\/04\/WhatsApp-Image-2026-04-19-at-21.22.42-e1776807619595.jpeg?fit=%2C&ssl=1","jetpack_sharing_enabled":true,"jetpack-related-posts":[],"_links":{"self":[{"href":"https:\/\/friburgonoticias.com.br\/temp\/wp-json\/wp\/v2\/posts\/9338","targetHints":{"allow":["GET"]}}],"collection":[{"href":"https:\/\/friburgonoticias.com.br\/temp\/wp-json\/wp\/v2\/posts"}],"about":[{"href":"https:\/\/friburgonoticias.com.br\/temp\/wp-json\/wp\/v2\/types\/post"}],"author":[{"embeddable":true,"href":"https:\/\/friburgonoticias.com.br\/temp\/wp-json\/wp\/v2\/users\/3"}],"replies":[{"embeddable":true,"href":"https:\/\/friburgonoticias.com.br\/temp\/wp-json\/wp\/v2\/comments?post=9338"}],"version-history":[{"count":0,"href":"https:\/\/friburgonoticias.com.br\/temp\/wp-json\/wp\/v2\/posts\/9338\/revisions"}],"wp:featuredmedia":[{"embeddable":true,"href":"https:\/\/friburgonoticias.com.br\/temp\/wp-json\/wp\/v2\/media\/9339"}],"wp:attachment":[{"href":"https:\/\/friburgonoticias.com.br\/temp\/wp-json\/wp\/v2\/media?parent=9338"}],"wp:term":[{"taxonomy":"category","embeddable":true,"href":"https:\/\/friburgonoticias.com.br\/temp\/wp-json\/wp\/v2\/categories?post=9338"},{"taxonomy":"post_tag","embeddable":true,"href":"https:\/\/friburgonoticias.com.br\/temp\/wp-json\/wp\/v2\/tags?post=9338"}],"curies":[{"name":"wp","href":"https:\/\/api.w.org\/{rel}","templated":true}]}}