{"id":9348,"date":"2026-04-22T16:42:29","date_gmt":"2026-04-22T16:42:29","guid":{"rendered":"https:\/\/friburgonoticias.com.br\/temp\/2026\/04\/22\/no-embalo-de-ricardo-couto-projeto-do-pl-propoe-teto-de-10-para-cargos-comissionados-na-prefeitura-do-rio\/"},"modified":"2026-04-22T16:42:29","modified_gmt":"2026-04-22T16:42:29","slug":"no-embalo-de-ricardo-couto-projeto-do-pl-propoe-teto-de-10-para-cargos-comissionados-na-prefeitura-do-rio","status":"publish","type":"post","link":"https:\/\/friburgonoticias.com.br\/temp\/2026\/04\/22\/no-embalo-de-ricardo-couto-projeto-do-pl-propoe-teto-de-10-para-cargos-comissionados-na-prefeitura-do-rio\/","title":{"rendered":"No embalo de Ricardo Couto, projeto do PL prop\u00f5e teto de 10% para cargos comissionados na Prefeitura do Rio"},"content":{"rendered":"<p><\/p>\n<div itemprop=\"articleBody\">\nO \u201cefeito\u201d Ricardo Couto j\u00e1 come\u00e7a a dar as caras na <a href=\"https:\/\/www.camara.rio\/\" target=\"_blank\" rel=\"noopener\">C\u00e2mara do Rio<\/a>. Depois de o governador em exerc\u00edcio anunciar que enviar\u00e1 \u00e0<a href=\"https:\/\/www.alerj.rj.gov.br\/\" target=\"_blank\" rel=\"noopener\"> Assembleia Legislativa (Alerj) <\/a>um projeto de lei para <a href=\"https:\/\/temporealrj.com\/couto-limite-cargos-comissionados\/\">limitar a 10% o n\u00famero de cargos comissionados nas secretarias estaduais<\/a>, o vereador Rog\u00e9rio Amorim (PL) decidiu importar a ideia para a capital fluminense.<\/p>\n<p>L\u00edder da bancada, Amorim protocolou um projeto que estabelece o mesmo teto para nomea\u00e7\u00f5es de comissionados \u2014 os servidores sem concurso. A proposta alcan\u00e7a secretarias, subsecretarias, autarquias, funda\u00e7\u00f5es e demais \u00f3rg\u00e3os da administra\u00e7\u00e3o direta e indireta da Prefeitura do Rio.<\/p>\n<p>\u201cA prolifera\u00e7\u00e3o de cargos em comiss\u00e3o \u00e9 um problema estrutural que assola diversos entes federativos brasileiros. Embora constitucionalmente admitidos para fun\u00e7\u00f5es de dire\u00e7\u00e3o, chefia e assessoramento, esses cargos t\u00eam sido historicamente utilizados como instrumento de barganha pol\u00edtica, em detrimento da efici\u00eancia administrativa e do interesse p\u00fablico\u201d, justifica o vereador.<\/p>\n<h2 class=\"wp-block-heading\">Teto de 10% para comissionados n\u00e3o valer\u00e1 para fun\u00e7\u00f5es de confian\u00e7a<\/h2>\n<p>A limita\u00e7\u00e3o, por\u00e9m, n\u00e3o vale para servidores efetivos designados para fun\u00e7\u00f5es de confian\u00e7a. Dessa forma, se o projeto for aprovado, a prefeitura poder\u00e1 continuar promovendo funcion\u00e1rios de carreira para cargos de chefia, e isso n\u00e3o entra na conta do teto de 10%.<\/p>\n<p>\u201cO excesso de comissionados representa despesa permanente com pessoal sem a contrapartida da estabilidade t\u00e9cnica proporcionada pelo servidor concursado, contrariando os princ\u00edpios da efici\u00eancia e da economicidade que devem nortear a gest\u00e3o p\u00fablica\u201d, conclui o vereador.<\/p>\n<p>Agora, resta saber se a proposta vai avan\u00e7ar nas comiss\u00f5es e chegar ao plen\u00e1rio para as duas vota\u00e7\u00f5es.\n<\/p><\/div>\n<p><\/a><\/p>\n<p>Fonte: temporealrj.com<\/p>\n","protected":false},"excerpt":{"rendered":"<p>O \u201cefeito\u201d Ricardo Couto j\u00e1 come\u00e7a a dar as caras na C\u00e2mara do Rio. Depois de o governador em exerc\u00edcio anunciar que enviar\u00e1 \u00e0 Assembleia Legislativa (Alerj) um projeto de lei para limitar a 10% o n\u00famero de cargos comissionados nas secretarias estaduais, o vereador Rog\u00e9rio Amorim (PL) decidiu importar a ideia para a capital [&hellip;]<\/p>\n","protected":false},"author":3,"featured_media":9349,"comment_status":"open","ping_status":"open","sticky":false,"template":"","format":"standard","meta":{"advanced_seo_description":"","jetpack_seo_html_title":"","jetpack_seo_noindex":false,"fifu_image_url":"https:\/\/temporealrj.com\/wp-content\/uploads\/2026\/04\/mg_8335-1-scaled-e1776873920703.jpg","fifu_image_alt":"","_jetpack_memberships_contains_paid_content":false,"footnotes":"","jetpack_publicize_message":"","jetpack_publicize_feature_enabled":true,"jetpack_social_post_already_shared":true,"jetpack_social_options":{"image_generator_settings":{"template":"highway","default_image_id":0,"font":"","enabled":false},"version":2}},"categories":[107],"tags":[],"class_list":{"0":"post-9348","1":"post","2":"type-post","3":"status-publish","4":"format-standard","5":"has-post-thumbnail","7":"category-economia"},"jetpack_publicize_connections":[],"jetpack_featured_media_url":"https:\/\/i0.wp.com\/temporealrj.com\/wp-content\/uploads\/2026\/04\/mg_8335-1-scaled-e1776873920703.jpg?fit=%2C&ssl=1","jetpack_sharing_enabled":true,"jetpack-related-posts":[],"_links":{"self":[{"href":"https:\/\/friburgonoticias.com.br\/temp\/wp-json\/wp\/v2\/posts\/9348","targetHints":{"allow":["GET"]}}],"collection":[{"href":"https:\/\/friburgonoticias.com.br\/temp\/wp-json\/wp\/v2\/posts"}],"about":[{"href":"https:\/\/friburgonoticias.com.br\/temp\/wp-json\/wp\/v2\/types\/post"}],"author":[{"embeddable":true,"href":"https:\/\/friburgonoticias.com.br\/temp\/wp-json\/wp\/v2\/users\/3"}],"replies":[{"embeddable":true,"href":"https:\/\/friburgonoticias.com.br\/temp\/wp-json\/wp\/v2\/comments?post=9348"}],"version-history":[{"count":0,"href":"https:\/\/friburgonoticias.com.br\/temp\/wp-json\/wp\/v2\/posts\/9348\/revisions"}],"wp:featuredmedia":[{"embeddable":true,"href":"https:\/\/friburgonoticias.com.br\/temp\/wp-json\/wp\/v2\/media\/9349"}],"wp:attachment":[{"href":"https:\/\/friburgonoticias.com.br\/temp\/wp-json\/wp\/v2\/media?parent=9348"}],"wp:term":[{"taxonomy":"category","embeddable":true,"href":"https:\/\/friburgonoticias.com.br\/temp\/wp-json\/wp\/v2\/categories?post=9348"},{"taxonomy":"post_tag","embeddable":true,"href":"https:\/\/friburgonoticias.com.br\/temp\/wp-json\/wp\/v2\/tags?post=9348"}],"curies":[{"name":"wp","href":"https:\/\/api.w.org\/{rel}","templated":true}]}}