{"id":9366,"date":"2026-04-22T21:17:14","date_gmt":"2026-04-22T21:17:14","guid":{"rendered":"https:\/\/friburgonoticias.com.br\/temp\/2026\/04\/22\/comissao-aprova-politica-de-combate-a-violencia-contra-mulheres-em-regioes-rurais-noticias\/"},"modified":"2026-04-22T21:17:14","modified_gmt":"2026-04-22T21:17:14","slug":"comissao-aprova-politica-de-combate-a-violencia-contra-mulheres-em-regioes-rurais-noticias","status":"publish","type":"post","link":"https:\/\/friburgonoticias.com.br\/temp\/2026\/04\/22\/comissao-aprova-politica-de-combate-a-violencia-contra-mulheres-em-regioes-rurais-noticias\/","title":{"rendered":"Comiss\u00e3o aprova pol\u00edtica de combate \u00e0 viol\u00eancia contra mulheres em regi\u00f5es rurais &#8211; Not\u00edcias"},"content":{"rendered":"<p><\/p>\n<div>\n<p class=\"g-artigo__data-hora\">\n                                            22\/04\/2026 &#8211; 17:23 \u00a0\n                                        <\/p>\n<div id=\"image-container-1265052\" class=\"image-container\" style=\"float: none; margin: 45px 0px; width: 100%;\" data-midia=\"1265052\">\n                <em>Divulga\u00e7\u00e3o \/ C\u00e2mara dos Deputados<\/em><\/p>\n<p>                Dilvandra Faro: &#8220;Combate \u00e0 viol\u00eancia deve ser transversal&#8221;\n                <\/p><\/div>\n<p>                A Comiss\u00e3o de Defesa dos Direitos da Mulher da C\u00e2mara dos Deputados aprovou o <a class=\"linkProposicao\" href=\"https:\/\/www.camara.leg.br\/noticias\/1138836-projeto-cria-programa-de-combate-a-violencia-contra-a-mulher-nas-regioes-rurais\">Projeto de Lei 4695\/24<\/a>, que cria a Pol\u00edtica Nacional de Enfrentamento \u00e0 Viol\u00eancia contra a Mulher nas Regi\u00f5es Rurais. O objetivo \u00e9 garantir prote\u00e7\u00e3o e assist\u00eancia especializada para mulheres que vivem no campo, em florestas e em \u00e1reas de \u00e1guas.<br \/>\n                A <a href=\"https:\/\/www.camara.leg.br\/proposicoesWeb\/prop_mostrarintegra?codteor=3063840&amp;filename=Parecer-CMULHER-2025-12-09\">proposta aprovada<\/a> foi o <span id=\"4098\" class=\"termoGlossario\" title=\"Nome que se d\u00e1 ao texto que altera substancialmente o conte\u00fado original da proposta. O substitutivo \u00e9 apresentado pelo relator e tem prefer\u00eancia na vota\u00e7\u00e3o sobre o projeto original.\" contenteditable=\"false\" data-toggle=\"tooltip\" data-placement=\"top\">substitutivo<\/span> apresentado pela relatora, deputada Dilvanda Faro (PT-PA), ao texto inicial do deputado Fausto Pinato (PP-SP).<br \/>\n                O novo texto passa a considerar as diferentes capacidades financeiras e administrativas dos mais de 5.700 munic\u00edpios brasileiros na implementa\u00e7\u00e3o da pol\u00edtica. \u201cA Pol\u00edtica Nacional de Enfrentamento \u00e0 Viol\u00eancia Contra a Mulher nas Regi\u00f5es Rurais deve ser muito sens\u00edvel, inteligente e atenta a essas distintas realidades socioecon\u00f4micas\u201d, afirmou Dilvanda Faro.<br \/>\n                Ela disse ainda que o combate \u00e0 viol\u00eancia deve ser transversal, \u201cabrangendo os diversos aspectos da vida social, econ\u00f4mica e cultural das mulheres rurais\u201d.<br \/>\n                Ainda de acordo com a relatora, a nova pol\u00edtica deve estar articulada com programas federais j\u00e1 existentes, como o Mulher, Viver Sem Viol\u00eancia; a Casa da Mulher Brasileira; e o Ligue 180, a fim de ampliar o alcance das a\u00e7\u00f5es e garantir que elas cheguem ao interior do pa\u00eds.<br \/>\n                <strong>Diretrizes da proposta<\/strong><br \/>O projeto estabelece a\u00e7\u00f5es para facilitar o acesso das mulheres que vivem em \u00e1reas rurais aos seus direitos. Entre as a\u00e7\u00f5es est\u00e3o:<\/p>\n<ul>\n<li>cria\u00e7\u00e3o de redes de apoio com l\u00edderes comunit\u00e1rios, professores e profissionais de sa\u00fade;<\/li>\n<li>oferta de programas de forma\u00e7\u00e3o profissional para incentivar a independ\u00eancia econ\u00f4mica das mulheres;<\/li>\n<li>implementa\u00e7\u00e3o de cl\u00ednicas jur\u00eddicas m\u00f3veis para facilitar o acesso \u00e0 Justi\u00e7a e a obten\u00e7\u00e3o de medidas protetivas;<\/li>\n<li>disponibiliza\u00e7\u00e3o de transporte para que as v\u00edtimas possam acessar servi\u00e7os de atendimento especializado; e<\/li>\n<li>capacita\u00e7\u00e3o de policiais e profissionais do Judici\u00e1rio para lidar com casos de viol\u00eancia no campo de forma sens\u00edvel.<\/li>\n<\/ul>\n<p>                O substitutivo detalha a necessidade de articula\u00e7\u00e3o entre a Uni\u00e3o, os estados e os munic\u00edpios. A nova reda\u00e7\u00e3o tamb\u00e9m d\u00e1 \u00eanfase \u00e0 supera\u00e7\u00e3o de barreiras estruturais, como a dist\u00e2ncia geogr\u00e1fica e a falta de transporte p\u00fablico, que muitas vezes impedem as mulheres de denunciar agress\u00f5es.<br \/>\n                <strong>Pr\u00f3ximos passos<\/strong><br \/>A proposta tramita em <span id=\"4322\" class=\"termoGlossario\" title=\"Rito de tramita\u00e7\u00e3o pelo qual o projeto \u00e9 votado apenas pelas comiss\u00f5es designadas para analis\u00e1-lo, dispensada a delibera\u00e7\u00e3o do Plen\u00e1rio. O projeto perde o car\u00e1ter conclusivo se houver decis\u00e3o divergente entre as comiss\u00f5es ou se, independentemente de ser aprovado ou rejeitado, houver recurso assinado por 52 deputados para a aprecia\u00e7\u00e3o da mat\u00e9ria no Plen\u00e1rio.\" contenteditable=\"false\" data-toggle=\"tooltip\" data-placement=\"top\">car\u00e1ter conclusivo<\/span> e ainda ser\u00e1 analisada pelas comiss\u00f5es de Finan\u00e7as e Tributa\u00e7\u00e3o e de Constitui\u00e7\u00e3o e Justi\u00e7a e de Cidadania. Para virar lei, precisa ser aprovada pelos deputados e senadores e, depois, sancionada pela presid\u00eancia da Rep\u00fablica.<br \/>\n                <a href=\"https:\/\/www.camara.leg.br\/noticias\/573454-SAIBA-MAIS-SOBRE-A-TRAMITACAO-DE-PROJETOS-DE-LEI\">Saiba mais sobre a tramita\u00e7\u00e3o de projetos de lei<\/a><\/p>\n<p style=\"font-size: 0.8rem; font-weight: 700;\">Reportagem \u2013 No\u00e9li Nobre<br \/>Edi\u00e7\u00e3o \u2013 Ana Chalub<\/p>\n<\/p><\/div>\n<p><\/a><\/p>\n<p>Fonte: www.camara.leg.br<\/p>\n","protected":false},"excerpt":{"rendered":"<p>22\/04\/2026 &#8211; 17:23 \u00a0 Divulga\u00e7\u00e3o \/ C\u00e2mara dos Deputados Dilvandra Faro: &#8220;Combate \u00e0 viol\u00eancia deve ser transversal&#8221; A Comiss\u00e3o de Defesa dos Direitos da Mulher da C\u00e2mara dos Deputados aprovou o Projeto de Lei 4695\/24, que cria a Pol\u00edtica Nacional de Enfrentamento \u00e0 Viol\u00eancia contra a Mulher nas Regi\u00f5es Rurais. O objetivo \u00e9 garantir prote\u00e7\u00e3o [&hellip;]<\/p>\n","protected":false},"author":3,"featured_media":9367,"comment_status":"open","ping_status":"open","sticky":false,"template":"","format":"standard","meta":{"advanced_seo_description":"","jetpack_seo_html_title":"","jetpack_seo_noindex":false,"fifu_image_url":"https:\/\/www.camara.leg.br\/midias\/image\/2026\/04\/dilvandra-faro-300x225.jpg","fifu_image_alt":"","_jetpack_memberships_contains_paid_content":false,"footnotes":"","jetpack_publicize_message":"","jetpack_publicize_feature_enabled":true,"jetpack_social_post_already_shared":true,"jetpack_social_options":{"image_generator_settings":{"template":"highway","default_image_id":0,"font":"","enabled":false},"version":2}},"categories":[106,1],"tags":[],"class_list":{"0":"post-9366","1":"post","2":"type-post","3":"status-publish","4":"format-standard","5":"has-post-thumbnail","7":"category-politica","8":"category-uncategorized"},"jetpack_publicize_connections":[],"jetpack_featured_media_url":"https:\/\/i0.wp.com\/www.camara.leg.br\/midias\/image\/2026\/04\/dilvandra-faro-300x225.jpg?fit=%2C&ssl=1","jetpack_sharing_enabled":true,"jetpack-related-posts":[],"_links":{"self":[{"href":"https:\/\/friburgonoticias.com.br\/temp\/wp-json\/wp\/v2\/posts\/9366","targetHints":{"allow":["GET"]}}],"collection":[{"href":"https:\/\/friburgonoticias.com.br\/temp\/wp-json\/wp\/v2\/posts"}],"about":[{"href":"https:\/\/friburgonoticias.com.br\/temp\/wp-json\/wp\/v2\/types\/post"}],"author":[{"embeddable":true,"href":"https:\/\/friburgonoticias.com.br\/temp\/wp-json\/wp\/v2\/users\/3"}],"replies":[{"embeddable":true,"href":"https:\/\/friburgonoticias.com.br\/temp\/wp-json\/wp\/v2\/comments?post=9366"}],"version-history":[{"count":0,"href":"https:\/\/friburgonoticias.com.br\/temp\/wp-json\/wp\/v2\/posts\/9366\/revisions"}],"wp:featuredmedia":[{"embeddable":true,"href":"https:\/\/friburgonoticias.com.br\/temp\/wp-json\/wp\/v2\/media\/9367"}],"wp:attachment":[{"href":"https:\/\/friburgonoticias.com.br\/temp\/wp-json\/wp\/v2\/media?parent=9366"}],"wp:term":[{"taxonomy":"category","embeddable":true,"href":"https:\/\/friburgonoticias.com.br\/temp\/wp-json\/wp\/v2\/categories?post=9366"},{"taxonomy":"post_tag","embeddable":true,"href":"https:\/\/friburgonoticias.com.br\/temp\/wp-json\/wp\/v2\/tags?post=9366"}],"curies":[{"name":"wp","href":"https:\/\/api.w.org\/{rel}","templated":true}]}}