{"id":9386,"date":"2026-04-24T13:07:29","date_gmt":"2026-04-24T13:07:29","guid":{"rendered":"https:\/\/friburgonoticias.com.br\/temp\/2026\/04\/24\/feriadao-de-abril-lota-nova-friburgo-que-estreia-passeio-de-balao-para-turistas\/"},"modified":"2026-04-24T13:07:29","modified_gmt":"2026-04-24T13:07:29","slug":"feriadao-de-abril-lota-nova-friburgo-que-estreia-passeio-de-balao-para-turistas","status":"publish","type":"post","link":"https:\/\/friburgonoticias.com.br\/temp\/2026\/04\/24\/feriadao-de-abril-lota-nova-friburgo-que-estreia-passeio-de-balao-para-turistas\/","title":{"rendered":"Feriad\u00e3o de abril lota Nova Friburgo, que estreia passeio de bal\u00e3o para turistas"},"content":{"rendered":"<p><\/p>\n<div>\n<p style=\"text-align: justify;\" data-start=\"113\" data-end=\"433\">A cidade de <a href=\"https:\/\/www.serranewsrj.com.br\/noticias\/regiao-serrana\/nova-friburgo\"><span class=\"hover:entity-accent entity-underline inline cursor-pointer align-baseline\"><span class=\"whitespace-normal\"><a href=\"https:\/\/www.serranewsrj.com.br\/noticias\/regiao-serrana\/nova-friburgo\" target=\"_blank\">Nova Friburgo<\/a><\/span><\/span><\/a> ganha uma nova atra\u00e7\u00e3o tur\u00edstica neste fim de semana, refor\u00e7ando o aquecimento do setor na Regi\u00e3o Serrana do Rio. O primeiro voo cativo de bal\u00e3o no munic\u00edpio acontece no s\u00e1bado (25\/04), a partir das 5h, no <span class=\"hover:entity-accent entity-underline inline cursor-pointer align-baseline\"><span class=\"whitespace-normal\">Espa\u00e7o Bar\u00e3o Beer<\/span><\/span>, localizado no bairro Calif\u00f3rnia.<\/p>\n<div class=\"fzxo fzxo-post-inline fzxo-float-center fzxo-align-center fzxo-column-1 fzxo-clearfix no-bg-box-model\">\n<div id=\"fzxo-49250-896246207\" class=\"fzxo-container fzxo-type-image\" itemscope=\"\" itemtype=\"https:\/\/schema.org\/WPAdBlock\" data-adid=\"49250\" data-type=\"image\"><a itemprop=\"url\" class=\"fzxo-link\" href=\"https:\/\/www.evosolar.com.br\/simuladorsolarrj\" target=\"_blank\" rel=\"nofollow\"><img loading=\"lazy\" decoding=\"async\" data-lazyloaded=\"1\" class=\"fzxo-image\" src=\"https:\/\/www.serranewsrj.com.br\/wp-content\/uploads\/2025\/05\/BannerdositedaSerraNews1230x250px-ezgif.com-png-to-webp-converter-1-scaled.webp\" alt=\"Evosolar (Maio) WebP \u2013 1230 x 250 px\" width=\"2560\" height=\"520\"\/><\/a><\/div>\n<\/div>\n<p style=\"text-align: justify;\" data-start=\"435\" data-end=\"703\">A experi\u00eancia in\u00e9dita ter\u00e1 apenas 15 vagas dispon\u00edveis nesta estreia. A proposta faz parte de um projeto mais amplo que busca diversificar o turismo local, integrando passeios \u00e0 rota cervejeira e ao circuito tur\u00edstico Tere-Fri, que conecta cidades da serra fluminense.<\/p>\n<p style=\"text-align: justify;\" data-start=\"705\" data-end=\"927\">Os voos ser\u00e3o realizados na modalidade cativa \u2014 quando o bal\u00e3o permanece preso ao solo \u2014 alcan\u00e7ando alturas entre 60 e 70 metros. Cada passeio tem dura\u00e7\u00e3o m\u00e9dia de 5 a 10 minutos, oferecendo uma vista panor\u00e2mica da regi\u00e3o.<\/p>\n<p style=\"text-align: justify;\" data-start=\"929\" data-end=\"1189\">A atividade ser\u00e1 conduzida pela TF Trilhas, ag\u00eancia especializada que j\u00e1 atua com voos livres e cativos em cidades vizinhas. Os pr\u00f3ximos voos devem acontecer em 30 de maio (30 vagas) e 13 de junho (40 vagas).<\/p>\n<div class=\"fzxo fzxo-post-inline fzxo-float-center fzxo-align-center fzxo-column-1 fzxo-clearfix no-bg-box-model\">\n<div id=\"fzxo-54184-2085929665\" class=\"fzxo-container fzxo-type-image\" itemscope=\"\" itemtype=\"https:\/\/schema.org\/WPAdBlock\" data-adid=\"54184\" data-type=\"image\"><a itemprop=\"url\" class=\"fzxo-link\" href=\"https:\/\/www.frionline.com.br\/\" target=\"_blank\" rel=\"nofollow\"><img loading=\"lazy\" decoding=\"async\" data-lazyloaded=\"1\" class=\"fzxo-image\" src=\"https:\/\/www.serranewsrj.com.br\/wp-content\/uploads\/2026\/01\/Copiadeserranews2026-ezgif.com-gif-to-webp-converter.webp\" alt=\"FriOnline 1230\u00d7300 pixels WebP \u2013 Home Page\" width=\"1230\" height=\"300\"\/><\/a><\/div>\n<\/div>\n<p style=\"text-align: justify;\" data-start=\"1191\" data-end=\"1453\">De acordo com os organizadores, a escolha pela modalidade cativa neste primeiro momento leva em conta as caracter\u00edsticas geogr\u00e1ficas de Nova Friburgo. A expectativa, no entanto, \u00e9 expandir a atividade conforme a demanda, com novos pontos e datas ao longo do ano.<\/p>\n<p style=\"text-align: justify;\" data-start=\"1455\" data-end=\"1745\">Os passeios t\u00eam pre\u00e7os a partir de R$ 250 e podem atender tanto turistas quanto a\u00e7\u00f5es promocionais de empresas. A opera\u00e7\u00e3o segue normas de seguran\u00e7a e possui credenciamento junto \u00e0 <span class=\"hover:entity-accent entity-underline inline cursor-pointer align-baseline\"><span class=\"whitespace-normal\">Ag\u00eancia Nacional de Avia\u00e7\u00e3o Civil<\/span><\/span>. Informa\u00e7\u00f5es e reservas est\u00e3o dispon\u00edveis pelo Instagram da TF Trilhas.<\/p>\n<div class=\"fzxo fzxo-post-inline fzxo-float-center fzxo-align-center fzxo-column-1 fzxo-clearfix no-bg-box-model\">\n<div id=\"fzxo-37647-138100052\" class=\"fzxo-container fzxo-type-image\" itemscope=\"\" itemtype=\"https:\/\/schema.org\/WPAdBlock\" data-adid=\"37647\" data-type=\"image\"><a itemprop=\"url\" class=\"fzxo-link\" href=\"https:\/\/linktr.ee\/clinsorria\" target=\"_blank\" rel=\"nofollow\"><img loading=\"lazy\" decoding=\"async\" data-lazyloaded=\"1\" class=\"fzxo-image\" src=\"https:\/\/www.serranewsrj.com.br\/wp-content\/uploads\/2026\/01\/ChatGPTImage7dejan.de202612_14_24-ezgif.com-png-to-webp-converter.webp\" alt=\"Banner Cl\u00ednica Sorria (Home) \u2013 1200 x 400 pixels\" width=\"1536\" height=\"512\"\/><\/a><\/div>\n<\/div>\n<h3 style=\"text-align: justify;\" data-start=\"1747\" data-end=\"1777\"><strong data-start=\"1747\" data-end=\"1777\">Alta na ocupa\u00e7\u00e3o hoteleira<\/strong><\/h3>\n<p style=\"text-align: justify;\" data-start=\"1779\" data-end=\"2040\">Al\u00e9m da novidade, o setor tur\u00edstico comemora o aumento expressivo na procura durante o feriad\u00e3o de abril. Segundo o Convention &amp; Visitors Bureau, a taxa de ocupa\u00e7\u00e3o hoteleira em Nova Friburgo j\u00e1 ultrapassa 90% e pode se aproximar dos 100% at\u00e9 o fim de semana.<\/p>\n<p style=\"text-align: justify;\" data-start=\"2042\" data-end=\"2359\">O resultado \u00e9 impulsionado pela combina\u00e7\u00e3o de datas comemorativas no estado do <span class=\"hover:entity-accent entity-underline inline cursor-pointer align-baseline\"><span class=\"whitespace-normal\"><a href=\"https:\/\/www.serranewsrj.com.br\/noticias\/rio-de-janeiro\" target=\"_blank\">Rio de Janeiro<\/a><\/span><\/span>. O feriado nacional de Tiradentes, em 21 de abril, seguido pelo feriado estadual de S\u00e3o Jorge, em 23 de abril, favoreceu a extens\u00e3o das viagens e ampliou o tempo de perman\u00eancia dos turistas na regi\u00e3o.<\/p>\n<p style=\"text-align: justify;\" data-start=\"2361\" data-end=\"2646\">\u201cA cidade vive um momento muito positivo, com alta procura e praticamente lotada. Novas experi\u00eancias como o passeio de bal\u00e3o ajudam a fortalecer ainda mais o destino e a manter esse ritmo de crescimento\u201d, destacou o presidente do Convention &amp; Visitors Bureau de Nova Friburgo.<\/p>\n<div class=\"fzxo fzxo-post-bottom fzxo-float-center fzxo-align-center fzxo-column-1 fzxo-clearfix no-bg-box-model\">\n<div id=\"fzxo-52933-87630144\" class=\"fzxo-container fzxo-type-image\" itemscope=\"\" itemtype=\"https:\/\/schema.org\/WPAdBlock\" data-adid=\"52933\" data-type=\"image\"><a itemprop=\"url\" class=\"fzxo-link\" href=\"https:\/\/jmfsaude.com.br\/\" target=\"_blank\" rel=\"nofollow\"><img loading=\"lazy\" decoding=\"async\" data-lazyloaded=\"1\" class=\"fzxo-image\" src=\"https:\/\/www.serranewsrj.com.br\/wp-content\/uploads\/2025\/03\/bannersiteJMF-ezgif.com-png-to-webp-converter.webp\" alt=\"JMF Solu\u00e7\u00f5es em Sa\u00fade \u2013 1200\u00d7400 pxl WebP\" width=\"1200\" height=\"400\"\/><\/a><\/div>\n<\/div>\n<\/div>\n<p><\/a><\/p>\n<p>Fonte: www.serranewsrj.com.br<\/p>\n","protected":false},"excerpt":{"rendered":"<p>A cidade de Nova Friburgo ganha uma nova atra\u00e7\u00e3o tur\u00edstica neste fim de semana, refor\u00e7ando o aquecimento do setor na Regi\u00e3o Serrana do Rio. O primeiro voo cativo de bal\u00e3o no munic\u00edpio acontece no s\u00e1bado (25\/04), a partir das 5h, no Espa\u00e7o Bar\u00e3o Beer, localizado no bairro Calif\u00f3rnia. A experi\u00eancia in\u00e9dita ter\u00e1 apenas 15 vagas [&hellip;]<\/p>\n","protected":false},"author":3,"featured_media":9387,"comment_status":"open","ping_status":"open","sticky":false,"template":"","format":"standard","meta":{"advanced_seo_description":"","jetpack_seo_html_title":"","jetpack_seo_noindex":false,"fifu_image_url":"https:\/\/www.serranewsrj.com.br\/wp-content\/uploads\/2026\/04\/WhatsApp-Image-2026-04-23-at-19.09.55.jpeg","fifu_image_alt":"","_jetpack_memberships_contains_paid_content":false,"footnotes":"","jetpack_publicize_message":"","jetpack_publicize_feature_enabled":true,"jetpack_social_post_already_shared":true,"jetpack_social_options":{"image_generator_settings":{"template":"highway","default_image_id":0,"font":"","enabled":false},"version":2}},"categories":[104,1],"tags":[],"class_list":{"0":"post-9386","1":"post","2":"type-post","3":"status-publish","4":"format-standard","5":"has-post-thumbnail","7":"category-cidade","8":"category-uncategorized"},"jetpack_publicize_connections":[],"jetpack_featured_media_url":"https:\/\/i0.wp.com\/www.serranewsrj.com.br\/wp-content\/uploads\/2026\/04\/WhatsApp-Image-2026-04-23-at-19.09.55.jpeg?fit=%2C&ssl=1","jetpack_sharing_enabled":true,"jetpack-related-posts":[],"_links":{"self":[{"href":"https:\/\/friburgonoticias.com.br\/temp\/wp-json\/wp\/v2\/posts\/9386","targetHints":{"allow":["GET"]}}],"collection":[{"href":"https:\/\/friburgonoticias.com.br\/temp\/wp-json\/wp\/v2\/posts"}],"about":[{"href":"https:\/\/friburgonoticias.com.br\/temp\/wp-json\/wp\/v2\/types\/post"}],"author":[{"embeddable":true,"href":"https:\/\/friburgonoticias.com.br\/temp\/wp-json\/wp\/v2\/users\/3"}],"replies":[{"embeddable":true,"href":"https:\/\/friburgonoticias.com.br\/temp\/wp-json\/wp\/v2\/comments?post=9386"}],"version-history":[{"count":0,"href":"https:\/\/friburgonoticias.com.br\/temp\/wp-json\/wp\/v2\/posts\/9386\/revisions"}],"wp:featuredmedia":[{"embeddable":true,"href":"https:\/\/friburgonoticias.com.br\/temp\/wp-json\/wp\/v2\/media\/9387"}],"wp:attachment":[{"href":"https:\/\/friburgonoticias.com.br\/temp\/wp-json\/wp\/v2\/media?parent=9386"}],"wp:term":[{"taxonomy":"category","embeddable":true,"href":"https:\/\/friburgonoticias.com.br\/temp\/wp-json\/wp\/v2\/categories?post=9386"},{"taxonomy":"post_tag","embeddable":true,"href":"https:\/\/friburgonoticias.com.br\/temp\/wp-json\/wp\/v2\/tags?post=9386"}],"curies":[{"name":"wp","href":"https:\/\/api.w.org\/{rel}","templated":true}]}}