{"id":9388,"date":"2026-04-24T14:20:55","date_gmt":"2026-04-24T14:20:55","guid":{"rendered":"https:\/\/friburgonoticias.com.br\/temp\/2026\/04\/24\/motta-cria-grupo-de-trabalho-para-debater-projeto-que-criminaliza-a-misoginia-noticias\/"},"modified":"2026-04-24T14:20:55","modified_gmt":"2026-04-24T14:20:55","slug":"motta-cria-grupo-de-trabalho-para-debater-projeto-que-criminaliza-a-misoginia-noticias","status":"publish","type":"post","link":"https:\/\/friburgonoticias.com.br\/temp\/2026\/04\/24\/motta-cria-grupo-de-trabalho-para-debater-projeto-que-criminaliza-a-misoginia-noticias\/","title":{"rendered":"Motta cria grupo de trabalho para debater projeto que criminaliza a misoginia &#8211; Not\u00edcias"},"content":{"rendered":"<p><\/p>\n<div>\n<div>\n<p class=\"g-artigo__data-hora\">\n                                            24\/04\/2026 &#8211; 11:10 \u00a0\n                                        <\/p>\n<div id=\"image-container-1265927\" class=\"image-container\" style=\"float: none; margin: 45px 0px; width: 100%;\" data-midia=\"1265927\">\n                <em>Vinicius Loures\/C\u00e2mara dos Deputados<\/em><\/p>\n<p>                Hugo Motta: proteger as brasileiras \u00e9 prioridade absoluta da C\u00e2mara\n                <\/p><\/div>\n<p>                O presidente da C\u00e2mara dos Deputados, Hugo Motta (Republicanos-PB), criou um grupo de trabalho para discutir o projeto de lei que criminaliza a misoginia (PL 896\/23).<br \/>\n                O colegiado ser\u00e1 coordenado pela deputada Tabata Amaral (PSB-SP) e ter\u00e1 o prazo de 45 dias para concluir seus trabalhos. O grupo ser\u00e1 composto por um integrante de cada partido a ser indicado pelas respectivas lideran\u00e7as.<br \/>\n                <strong>A proposta<\/strong><br \/>O projeto, <a href=\"https:\/\/www12.senado.leg.br\/noticias\/materias\/2026\/03\/24\/inclusao-da-misoginia-como-crime-de-preconceito-e-aprovada-e-vai-a-camara\">j\u00e1 aprovado pelo Senado Federal<\/a>, equipara a misoginia (\u00f3dio ou avers\u00e3o a mulheres) ao crime de racismo, tornando-a inafian\u00e7\u00e1vel e imprescrit\u00edvel.<br \/>\n                O texto prev\u00ea penas de 2 a 5 anos de <span id=\"4303\" class=\"termoGlossario\" title=\"A reclus\u00e3o \u00e9 a mais severa entre as penas privativas de liberdade. Destina-se a crimes dolosos (com inten\u00e7\u00e3o).\" contenteditable=\"false\" data-toggle=\"tooltip\" data-placement=\"top\">reclus\u00e3o<\/span> e busca combater discursos de \u00f3dio e discrimina\u00e7\u00e3o baseada na cren\u00e7a de supremacia masculina.<br \/>\n                <strong>Prioridade<\/strong><br \/>\u201cProteger as brasileiras \u00e9 prioridade absoluta nesta Casa. Por isso, fa\u00e7o quest\u00e3o de dar celeridade a todas as propostas que tratam da seguran\u00e7a das nossas mulheres\u201d, afirmou Motta, por meio de suas redes sociais.<br \/>\n                \u201cAvan\u00e7amos com a autoriza\u00e7\u00e3o do uso de spray de pimenta para defesa pessoal das mulheres e a obrigatoriedade do uso de tornozeleiras eletr\u00f4nicas para agressores. Tamb\u00e9m criminalizamos o vicaric\u00eddio [quando o agressor mata um dependente ou parente da mulher para lhe gerar sofrimento]. Com o projeto da misoginia, n\u00e3o ser\u00e1 diferente\u201d, acrescentou Motta.<br \/>\n                O presidente disse que pretende promover um debate amplo e t\u00e9cnico sobre o PL 896\/23, com menos burocracia e mais agilidade.<br \/>\n                O instrumento do grupo de trabalho foi usado anteriormente, por exemplo, na discuss\u00e3o sobre o texto que originou o chamado <a href=\"https:\/\/www2.camara.leg.br\/legin\/fed\/lei\/2025\/lei-15211-17-setembro-2025-797997-norma-pl.html\">ECA Digital<\/a> (de prote\u00e7\u00e3o a crian\u00e7as e adolescentes no ambiente virtual), aprovado em 2025.<br \/>\n                \u00a0<br \/>\n                <iframe class=\"infografico-container\" style=\"width: 100%; height: 100%;\" src=\"https:\/\/www.camara.leg.br\/internet\/agencia\/infograficos-html5\/misoginia\/index.html\" frameborder=\"0\" data-mce-fragment=\"1\"><\/iframe><br \/>\n                \u00a0<\/p>\n<p style=\"font-size: 0.8rem; font-weight: 700;\">Reportagem \u2013 Luiz Gustavo Xavier<br \/>Edi\u00e7\u00e3o \u2013 Marcelo Oliveira<\/p>\n<\/p><\/div>\n<\/p><\/div>\n<p><\/a><\/p>\n<p>Fonte: www.camara.leg.br<\/p>\n","protected":false},"excerpt":{"rendered":"<p>24\/04\/2026 &#8211; 11:10 \u00a0 Vinicius Loures\/C\u00e2mara dos Deputados Hugo Motta: proteger as brasileiras \u00e9 prioridade absoluta da C\u00e2mara O presidente da C\u00e2mara dos Deputados, Hugo Motta (Republicanos-PB), criou um grupo de trabalho para discutir o projeto de lei que criminaliza a misoginia (PL 896\/23). O colegiado ser\u00e1 coordenado pela deputada Tabata Amaral (PSB-SP) e ter\u00e1 [&hellip;]<\/p>\n","protected":false},"author":3,"featured_media":9389,"comment_status":"open","ping_status":"open","sticky":false,"template":"","format":"standard","meta":{"advanced_seo_description":"","jetpack_seo_html_title":"","jetpack_seo_noindex":false,"fifu_image_url":"https:\/\/www.camara.leg.br\/midias\/image\/2026\/04\/img20260423170711899-768x473.jpg","fifu_image_alt":"","_jetpack_memberships_contains_paid_content":false,"footnotes":"","jetpack_publicize_message":"","jetpack_publicize_feature_enabled":true,"jetpack_social_post_already_shared":true,"jetpack_social_options":{"image_generator_settings":{"template":"highway","default_image_id":0,"font":"","enabled":false},"version":2}},"categories":[106,1],"tags":[],"class_list":{"0":"post-9388","1":"post","2":"type-post","3":"status-publish","4":"format-standard","5":"has-post-thumbnail","7":"category-politica","8":"category-uncategorized"},"jetpack_publicize_connections":[],"jetpack_featured_media_url":"https:\/\/i0.wp.com\/www.camara.leg.br\/midias\/image\/2026\/04\/img20260423170711899-768x473.jpg?fit=%2C&ssl=1","jetpack_sharing_enabled":true,"jetpack-related-posts":[],"_links":{"self":[{"href":"https:\/\/friburgonoticias.com.br\/temp\/wp-json\/wp\/v2\/posts\/9388","targetHints":{"allow":["GET"]}}],"collection":[{"href":"https:\/\/friburgonoticias.com.br\/temp\/wp-json\/wp\/v2\/posts"}],"about":[{"href":"https:\/\/friburgonoticias.com.br\/temp\/wp-json\/wp\/v2\/types\/post"}],"author":[{"embeddable":true,"href":"https:\/\/friburgonoticias.com.br\/temp\/wp-json\/wp\/v2\/users\/3"}],"replies":[{"embeddable":true,"href":"https:\/\/friburgonoticias.com.br\/temp\/wp-json\/wp\/v2\/comments?post=9388"}],"version-history":[{"count":0,"href":"https:\/\/friburgonoticias.com.br\/temp\/wp-json\/wp\/v2\/posts\/9388\/revisions"}],"wp:featuredmedia":[{"embeddable":true,"href":"https:\/\/friburgonoticias.com.br\/temp\/wp-json\/wp\/v2\/media\/9389"}],"wp:attachment":[{"href":"https:\/\/friburgonoticias.com.br\/temp\/wp-json\/wp\/v2\/media?parent=9388"}],"wp:term":[{"taxonomy":"category","embeddable":true,"href":"https:\/\/friburgonoticias.com.br\/temp\/wp-json\/wp\/v2\/categories?post=9388"},{"taxonomy":"post_tag","embeddable":true,"href":"https:\/\/friburgonoticias.com.br\/temp\/wp-json\/wp\/v2\/tags?post=9388"}],"curies":[{"name":"wp","href":"https:\/\/api.w.org\/{rel}","templated":true}]}}