{"id":9424,"date":"2026-04-27T14:07:36","date_gmt":"2026-04-27T14:07:36","guid":{"rendered":"https:\/\/friburgonoticias.com.br\/temp\/2026\/04\/27\/comissao-aprova-prioridade-para-exames-de-triagem-neonatal-nos-servicos-de-saude-noticias\/"},"modified":"2026-04-27T14:07:36","modified_gmt":"2026-04-27T14:07:36","slug":"comissao-aprova-prioridade-para-exames-de-triagem-neonatal-nos-servicos-de-saude-noticias","status":"publish","type":"post","link":"https:\/\/friburgonoticias.com.br\/temp\/2026\/04\/27\/comissao-aprova-prioridade-para-exames-de-triagem-neonatal-nos-servicos-de-saude-noticias\/","title":{"rendered":"Comiss\u00e3o aprova prioridade para exames de triagem neonatal nos servi\u00e7os de sa\u00fade &#8211; Not\u00edcias"},"content":{"rendered":"<p><\/p>\n<div>\n<div>\n<p class=\"g-artigo__data-hora\">\n                                            27\/04\/2026 &#8211; 10:35 \u00a0\n                                        <\/p>\n<div id=\"image-container-1266254\" class=\"image-container\" style=\"float: none; margin: 45px 0px; width: 100%;\" data-midia=\"1266254\">\n                <em>Kayo Magalh\u00e3es\/C\u00e2mara dos Deputados<\/em><\/p>\n<p>                Cristiane Lopes: proposta fortalece os direitos \u00e0 vida e \u00e0 dignidade\n                <\/p><\/div>\n<p>                A Comiss\u00e3o de Previd\u00eancia, Assist\u00eancia Social, Inf\u00e2ncia, Adolesc\u00eancia e Fam\u00edlia da C\u00e2mara dos Deputados aprovou projeto de lei que obriga estabelecimentos de sa\u00fade p\u00fablicos e privados a priorizar os testes de triagem neonatal nas etapas de coleta, transporte e entrega laboratorial. O objetivo \u00e9 agilizar o diagn\u00f3stico e o in\u00edcio do tratamento adequado de rec\u00e9m-nascidos.<br \/>\n                Os parlamentares acolheram o <a href=\"https:\/\/www.camara.leg.br\/proposicoesWeb\/prop_mostrarintegra?codteor=2967348&amp;filename=Parecer-CPASF-2025-08-05\">parecer da relatora<\/a>, deputada Cristiane Lopes (Pode-RO), pela aprova\u00e7\u00e3o do <a href=\"https:\/\/www.camara.leg.br\/noticias\/1042012-projeto-obriga-hospitais-e-clinicas-a-priorizar-exames-neonatais\/\">Projeto de Lei 232\/24<\/a>, da deputada Rosangela Moro (PL-SP).<br \/>\n                Cristiane Lopes destacou a import\u00e2ncia da iniciativa para a sa\u00fade infantil e afirmou ainda que a nova regra fortalece os direitos garantidos pela Constitui\u00e7\u00e3o. \u201cO projeto garante, na pr\u00e1tica, os direitos \u00e0 vida, \u00e0 sa\u00fade e \u00e0 dignidade das crian\u00e7as\u201d, apontou.<br \/>\n                De acordo com o texto, os gestores de servi\u00e7os de sa\u00fade, tanto na rede p\u00fablica quanto na rede privada, dever\u00e3o firmar acordos ou parcerias para otimizar o tempo de emiss\u00e3o do laudo final dos exames.<br \/>\n                A triagem neonatal identifica doen\u00e7as metab\u00f3licas, gen\u00e9ticas, enzim\u00e1ticas e endocrinol\u00f3gicas em beb\u00eas de 0 a 28 dias, permitindo interven\u00e7\u00f5es que evitam sequelas e mortes.<br \/>\n                O projeto altera o <a href=\"https:\/\/www2.camara.leg.br\/legin\/fed\/lei\/1990\/lei-8069-13-julho-1990-372211-norma-pl.html\">Estatuto da Crian\u00e7a e do Adolescente<\/a>.<br \/>\n                <strong>Pr\u00f3ximos passos<br \/><\/strong>A proposta tramita em <span id=\"4322\" class=\"termoGlossario\" title=\"Rito de tramita\u00e7\u00e3o pelo qual o projeto \u00e9 votado apenas pelas comiss\u00f5es designadas para analis\u00e1-lo, dispensada a delibera\u00e7\u00e3o do Plen\u00e1rio. O projeto perde o car\u00e1ter conclusivo se houver decis\u00e3o divergente entre as comiss\u00f5es ou se, independentemente de ser aprovado ou rejeitado, houver recurso assinado por 52 deputados para a aprecia\u00e7\u00e3o da mat\u00e9ria no Plen\u00e1rio.\" contenteditable=\"false\" data-toggle=\"tooltip\" data-placement=\"top\">car\u00e1ter conclusivo<\/span> e ser\u00e1 analisada ainda pelas comiss\u00f5es de Sa\u00fade; e de Constitui\u00e7\u00e3o e Justi\u00e7a e de Cidadania.<br \/>\n                Para virar lei, precisa ser aprovada pela C\u00e2mara e pelo Senado.<\/p>\n<p>                \u00a0<\/p>\n<p style=\"font-size: 0.8rem; font-weight: 700;\">Reportagem \u2013 No\u00e9li Nobre<br \/>Edi\u00e7\u00e3o \u2013 Marcelo Oliveira<\/p>\n<\/p><\/div>\n<\/p><\/div>\n<p><\/a><\/p>\n<p>Fonte: www.camara.leg.br<\/p>\n","protected":false},"excerpt":{"rendered":"<p>27\/04\/2026 &#8211; 10:35 \u00a0 Kayo Magalh\u00e3es\/C\u00e2mara dos Deputados Cristiane Lopes: proposta fortalece os direitos \u00e0 vida e \u00e0 dignidade A Comiss\u00e3o de Previd\u00eancia, Assist\u00eancia Social, Inf\u00e2ncia, Adolesc\u00eancia e Fam\u00edlia da C\u00e2mara dos Deputados aprovou projeto de lei que obriga estabelecimentos de sa\u00fade p\u00fablicos e privados a priorizar os testes de triagem neonatal nas etapas de [&hellip;]<\/p>\n","protected":false},"author":3,"featured_media":9425,"comment_status":"open","ping_status":"open","sticky":false,"template":"","format":"standard","meta":{"advanced_seo_description":"","jetpack_seo_html_title":"","jetpack_seo_noindex":false,"fifu_image_url":"https:\/\/www.camara.leg.br\/midias\/image\/2026\/04\/img20251203203200256-768x473.jpg","fifu_image_alt":"","_jetpack_memberships_contains_paid_content":false,"footnotes":"","jetpack_publicize_message":"","jetpack_publicize_feature_enabled":true,"jetpack_social_post_already_shared":true,"jetpack_social_options":{"image_generator_settings":{"template":"highway","default_image_id":0,"font":"","enabled":false},"version":2}},"categories":[106,1],"tags":[],"class_list":{"0":"post-9424","1":"post","2":"type-post","3":"status-publish","4":"format-standard","5":"has-post-thumbnail","7":"category-politica","8":"category-uncategorized"},"jetpack_publicize_connections":[],"jetpack_featured_media_url":"https:\/\/i0.wp.com\/www.camara.leg.br\/midias\/image\/2026\/04\/img20251203203200256-768x473.jpg?fit=%2C&ssl=1","jetpack_sharing_enabled":true,"jetpack-related-posts":[],"_links":{"self":[{"href":"https:\/\/friburgonoticias.com.br\/temp\/wp-json\/wp\/v2\/posts\/9424","targetHints":{"allow":["GET"]}}],"collection":[{"href":"https:\/\/friburgonoticias.com.br\/temp\/wp-json\/wp\/v2\/posts"}],"about":[{"href":"https:\/\/friburgonoticias.com.br\/temp\/wp-json\/wp\/v2\/types\/post"}],"author":[{"embeddable":true,"href":"https:\/\/friburgonoticias.com.br\/temp\/wp-json\/wp\/v2\/users\/3"}],"replies":[{"embeddable":true,"href":"https:\/\/friburgonoticias.com.br\/temp\/wp-json\/wp\/v2\/comments?post=9424"}],"version-history":[{"count":0,"href":"https:\/\/friburgonoticias.com.br\/temp\/wp-json\/wp\/v2\/posts\/9424\/revisions"}],"wp:featuredmedia":[{"embeddable":true,"href":"https:\/\/friburgonoticias.com.br\/temp\/wp-json\/wp\/v2\/media\/9425"}],"wp:attachment":[{"href":"https:\/\/friburgonoticias.com.br\/temp\/wp-json\/wp\/v2\/media?parent=9424"}],"wp:term":[{"taxonomy":"category","embeddable":true,"href":"https:\/\/friburgonoticias.com.br\/temp\/wp-json\/wp\/v2\/categories?post=9424"},{"taxonomy":"post_tag","embeddable":true,"href":"https:\/\/friburgonoticias.com.br\/temp\/wp-json\/wp\/v2\/tags?post=9424"}],"curies":[{"name":"wp","href":"https:\/\/api.w.org\/{rel}","templated":true}]}}