{"id":9448,"date":"2026-04-27T20:22:37","date_gmt":"2026-04-27T20:22:37","guid":{"rendered":"https:\/\/friburgonoticias.com.br\/temp\/2026\/04\/27\/comissao-aprova-maior-protecao-e-acesso-a-saude-de-mulheres-de-comunidades-tradicionais-noticias\/"},"modified":"2026-04-27T20:22:37","modified_gmt":"2026-04-27T20:22:37","slug":"comissao-aprova-maior-protecao-e-acesso-a-saude-de-mulheres-de-comunidades-tradicionais-noticias","status":"publish","type":"post","link":"https:\/\/friburgonoticias.com.br\/temp\/2026\/04\/27\/comissao-aprova-maior-protecao-e-acesso-a-saude-de-mulheres-de-comunidades-tradicionais-noticias\/","title":{"rendered":"Comiss\u00e3o aprova maior prote\u00e7\u00e3o e acesso \u00e0 sa\u00fade de mulheres de comunidades tradicionais &#8211; Not\u00edcias"},"content":{"rendered":"<p><\/p>\n<div>\n<p class=\"g-artigo__data-hora\">\n                                            27\/04\/2026 &#8211; 17:05 \u00a0\n                                        <\/p>\n<div id=\"image-container-1266527\" class=\"image-container\" style=\"float: none; margin: 45px 0px; width: 100%;\" data-midia=\"1266527\">\n                <em>Kayo Magalh\u00e3es \/ C\u00e2mara dos Deputados<\/em><\/p>\n<p>                Texto aprovado \u00e9 o substitutivo da relatora, C\u00e9lia Xakriab\u00e1\n                <\/p><\/div>\n<p>                A Comiss\u00e3o de Direitos Humanos, Minorias e Igualdade Racial da C\u00e2mara dos Deputados aprovou proposta que amplia a rede de prote\u00e7\u00e3o e o acesso \u00e0 sa\u00fade de mulheres em \u00e1reas rurais, quilombolas, ind\u00edgenas e tradicionais.<br \/>\n                A proposta prev\u00ea a cria\u00e7\u00e3o de Delegacias Especializadas de Atendimento \u00e0 Mulher (Deam) nessas regi\u00f5es, al\u00e9m de campanhas de preven\u00e7\u00e3o \u00e0 viol\u00eancia contra a mulher e da divulga\u00e7\u00e3o das institui\u00e7\u00f5es de prote\u00e7\u00e3o dispon\u00edveis.<br \/>\n                O projeto de lei tamb\u00e9m obriga o Sistema \u00danico de Sa\u00fade (SUS) a assegurar a essas mulheres acesso universal e igualit\u00e1rio aos servi\u00e7os de sa\u00fade, o que inclui atendimento em sa\u00fade sexual e reprodutiva, assist\u00eancia ao parto seguro e acolhimento p\u00f3s-viol\u00eancia, al\u00e9m da oferta de unidades m\u00f3veis adaptadas para alcan\u00e7ar territ\u00f3rios de dif\u00edcil acesso.<br \/>\n                Na \u00e1rea da educa\u00e7\u00e3o, o texto prev\u00ea que escolas localizadas em locais de dif\u00edcil acesso adotem programas educacionais com conte\u00fados sobre sa\u00fade, preven\u00e7\u00e3o da viol\u00eancia, educa\u00e7\u00e3o pol\u00edtica, direitos humanos e direitos reprodutivos.<br \/>\n                A comiss\u00e3o aprovou a vers\u00e3o da relatora, deputada C\u00e9lia Xakriab\u00e1 (Psol-MG), para os projetos de lei 5546\/23, da deputada Andreia Siqueira (PSB-PA), e 4287\/24, <span id=\"4069\" class=\"termoGlossario\" title=\"Projeto que tramita em conjunto com outro que trate de mat\u00e9ria semelhante. O relator deve analisar todas as proposi\u00e7\u00f5es apensadas, que dever\u00e3o constar do seu parecer.\" contenteditable=\"false\" data-toggle=\"tooltip\" data-placement=\"top\">apensado<\/span>, do deputado Romero Rodrigues (Pode-PB). O novo texto integra as mudan\u00e7as em legisla\u00e7\u00f5es j\u00e1 existentes. Segundo a relatora, essa estrat\u00e9gia garante mais clareza e efici\u00eancia na aplica\u00e7\u00e3o dos direitos das mulheres de povos tradicionais.<br \/>\n                \u201cO <span id=\"4098\" class=\"termoGlossario\" title=\"Nome que se d\u00e1 ao texto que altera substancialmente o conte\u00fado original da proposta. O substitutivo \u00e9 apresentado pelo relator e tem prefer\u00eancia na vota\u00e7\u00e3o sobre o projeto original.\" contenteditable=\"false\" data-toggle=\"tooltip\" data-placement=\"top\">substitutivo<\/span> fortalece a legisla\u00e7\u00e3o capaz de enfrentar as m\u00faltiplas formas de desigualdade que atingem as mulheres em \u00e1reas rurais e em territ\u00f3rios ind\u00edgenas,\u00a0 quilombolas e tradicionais\u201d, destaca a relatora.<br \/>\n                O texto aprovado altera a <a href=\"https:\/\/www2.camara.leg.br\/legin\/fed\/lei\/1990\/lei-8080-19-setembro-1990-365093-norma-pl.html\">Lei do SUS<\/a>, a <a href=\"https:\/\/www2.camara.leg.br\/legin\/fed\/lei\/1996\/lei-9394-20-dezembro-1996-362578-norma-pl.html\">Lei de Diretrizes e Bases da Educa\u00e7\u00e3o Nacional (LDB)<\/a>, a <a href=\"https:\/\/www2.camara.leg.br\/legin\/fed\/lei\/2023\/lei-14541-3-abril-2023-793991-publicacaooriginal-167488-pl.html\">Lei das Delegacias Especializadas de Atendimento \u00e0 Mulher<\/a> e a <a href=\"https:\/\/www2.camara.leg.br\/legin\/fed\/lei\/2006\/lei-11340-7-agosto-2006-545133-norma-pl.html\">Lei Maria da Penha<\/a>.<br \/>\n                <strong>Pr\u00f3ximas etapas<br \/><\/strong>A proposta ser\u00e1 ainda analisada, em <span id=\"4322\" class=\"termoGlossario\" title=\"Rito de tramita\u00e7\u00e3o pelo qual o projeto \u00e9 votado apenas pelas comiss\u00f5es designadas para analis\u00e1-lo, dispensada a delibera\u00e7\u00e3o do Plen\u00e1rio. O projeto perde o car\u00e1ter conclusivo se houver decis\u00e3o divergente entre as comiss\u00f5es ou se, independentemente de ser aprovado ou rejeitado, houver recurso assinado por 52 deputados para a aprecia\u00e7\u00e3o da mat\u00e9ria no Plen\u00e1rio.\" contenteditable=\"false\" data-toggle=\"tooltip\" data-placement=\"top\">car\u00e1ter conclusivo<\/span>, pelas comiss\u00f5es de Amaz\u00f4nia e dos Povos Origin\u00e1rios e Tradicionais; de Defesa dos Direitos da Mulher; e de Constitui\u00e7\u00e3o e Justi\u00e7a e de Cidadania.<br \/>\n                Para virar lei, o texto deve ser aprovado pela C\u00e2mara e pelo Senado.<br \/>\n                <a href=\"https:\/\/www2.camara.leg.br\/legin\/fed\/lei\/2006\/lei-11340-7-agosto-2006-545133-norma-pl.html\">Saiba mais sobre a tramita\u00e7\u00e3o de projetos de lei<\/a><\/p>\n<p style=\"font-size: 0.8rem; font-weight: 700;\">Reportagem \u2013 Murilo Souza<br \/>Edi\u00e7\u00e3o \u2013 Ana Chalub<\/p>\n<\/p><\/div>\n<p><\/a><\/p>\n<p>Fonte: www.camara.leg.br<\/p>\n","protected":false},"excerpt":{"rendered":"<p>27\/04\/2026 &#8211; 17:05 \u00a0 Kayo Magalh\u00e3es \/ C\u00e2mara dos Deputados Texto aprovado \u00e9 o substitutivo da relatora, C\u00e9lia Xakriab\u00e1 A Comiss\u00e3o de Direitos Humanos, Minorias e Igualdade Racial da C\u00e2mara dos Deputados aprovou proposta que amplia a rede de prote\u00e7\u00e3o e o acesso \u00e0 sa\u00fade de mulheres em \u00e1reas rurais, quilombolas, ind\u00edgenas e tradicionais. A [&hellip;]<\/p>\n","protected":false},"author":3,"featured_media":9449,"comment_status":"open","ping_status":"open","sticky":false,"template":"","format":"standard","meta":{"advanced_seo_description":"","jetpack_seo_html_title":"","jetpack_seo_noindex":false,"fifu_image_url":"https:\/\/www.camara.leg.br\/midias\/image\/2026\/04\/img20260415191652846-1-768x473.jpg","fifu_image_alt":"","_jetpack_memberships_contains_paid_content":false,"footnotes":"","jetpack_publicize_message":"","jetpack_publicize_feature_enabled":true,"jetpack_social_post_already_shared":true,"jetpack_social_options":{"image_generator_settings":{"template":"highway","default_image_id":0,"font":"","enabled":false},"version":2}},"categories":[106,1],"tags":[],"class_list":{"0":"post-9448","1":"post","2":"type-post","3":"status-publish","4":"format-standard","5":"has-post-thumbnail","7":"category-politica","8":"category-uncategorized"},"jetpack_publicize_connections":[],"jetpack_featured_media_url":"https:\/\/i0.wp.com\/www.camara.leg.br\/midias\/image\/2026\/04\/img20260415191652846-1-768x473.jpg?fit=%2C&ssl=1","jetpack_sharing_enabled":true,"jetpack-related-posts":[],"_links":{"self":[{"href":"https:\/\/friburgonoticias.com.br\/temp\/wp-json\/wp\/v2\/posts\/9448","targetHints":{"allow":["GET"]}}],"collection":[{"href":"https:\/\/friburgonoticias.com.br\/temp\/wp-json\/wp\/v2\/posts"}],"about":[{"href":"https:\/\/friburgonoticias.com.br\/temp\/wp-json\/wp\/v2\/types\/post"}],"author":[{"embeddable":true,"href":"https:\/\/friburgonoticias.com.br\/temp\/wp-json\/wp\/v2\/users\/3"}],"replies":[{"embeddable":true,"href":"https:\/\/friburgonoticias.com.br\/temp\/wp-json\/wp\/v2\/comments?post=9448"}],"version-history":[{"count":0,"href":"https:\/\/friburgonoticias.com.br\/temp\/wp-json\/wp\/v2\/posts\/9448\/revisions"}],"wp:featuredmedia":[{"embeddable":true,"href":"https:\/\/friburgonoticias.com.br\/temp\/wp-json\/wp\/v2\/media\/9449"}],"wp:attachment":[{"href":"https:\/\/friburgonoticias.com.br\/temp\/wp-json\/wp\/v2\/media?parent=9448"}],"wp:term":[{"taxonomy":"category","embeddable":true,"href":"https:\/\/friburgonoticias.com.br\/temp\/wp-json\/wp\/v2\/categories?post=9448"},{"taxonomy":"post_tag","embeddable":true,"href":"https:\/\/friburgonoticias.com.br\/temp\/wp-json\/wp\/v2\/tags?post=9448"}],"curies":[{"name":"wp","href":"https:\/\/api.w.org\/{rel}","templated":true}]}}