{"id":9462,"date":"2026-04-28T12:47:30","date_gmt":"2026-04-28T12:47:30","guid":{"rendered":"https:\/\/friburgonoticias.com.br\/temp\/2026\/04\/28\/prefeitura-do-rio-cancela-registro-de-bar-na-lapa-que-vetou-entrada-de-cidadaos-de-israel-e-eua\/"},"modified":"2026-04-28T12:47:30","modified_gmt":"2026-04-28T12:47:30","slug":"prefeitura-do-rio-cancela-registro-de-bar-na-lapa-que-vetou-entrada-de-cidadaos-de-israel-e-eua","status":"publish","type":"post","link":"https:\/\/friburgonoticias.com.br\/temp\/2026\/04\/28\/prefeitura-do-rio-cancela-registro-de-bar-na-lapa-que-vetou-entrada-de-cidadaos-de-israel-e-eua\/","title":{"rendered":"Prefeitura do Rio cancela registro de bar na Lapa que vetou entrada de cidad\u00e3os de Israel e EUA"},"content":{"rendered":"<p><\/p>\n<div itemprop=\"articleBody\">\nA Prefeitura do Rio determinou, nesta ter\u00e7a-feira (28), o cancelamento da inscri\u00e7\u00e3o do bar Partisan, na Lapa, que ficou conhecido ap\u00f3s <a href=\"https:\/\/temporealrj.com\/bar-lapa-vetar-clientes-eua-israel\/\">colocar uma placa na entrada do estabelecimento restringindo o acesso de cidad\u00e3os dos Estados Unidos e de Israel<\/a>.<\/p>\n<p>A medida foi publicada nesta manh\u00e3 no <a href=\"https:\/\/doweb.rio.rj.gov.br\/\" target=\"_blank\" rel=\"noopener\">Di\u00e1rio Oficial<\/a> e \u00e9 assinada pela Secretaria de Ordem P\u00fablica (Seop). Com o cancelamento, o estabelecimento fica legalmente impedido de manter as atividades no local. A decis\u00e3o encerra um processo administrativo iniciado no come\u00e7o de abril.<\/p>\n<p>O vereador Fl\u00e1vio Valle (PSD), que foi um dos principais articuladores da fiscaliza\u00e7\u00e3o ao bar na Lapa ap\u00f3s a pol\u00eamica, comemorou a medida.<\/p>\n<p>\u201cPuni\u00e7\u00f5es como essa s\u00e3o fundamentais para reafirmar que o Rio de Janeiro n\u00e3o tolera discrimina\u00e7\u00e3o. \u00c9 um passo necess\u00e1rio para evitar que novos casos ocorram e para garantir o respeito \u00e0 dignidade da pessoa humana. O ato claramente representa crime de racismo e xenofobia. Aqui na cidade do Rio, eles n\u00e3o passar\u00e3o\u201d, disse o parlamentar.<\/p>\n<h2 class=\"wp-block-heading\">Bar na Lapa foi multado em mais de R$ 9 mil<\/h2>\n<p>O bar na Lapa <a href=\"https:\/\/temporealrj.com\/vereador-boletim-de-ocorrencia-bar-lapa\/\">entrou na mira das autoridades municipais<\/a> ap\u00f3s colocar uma placa com a frase \u201cCidad\u00e3os dos Estados Unidos e de Israel n\u00e3o s\u00e3o bem-vindos\u201d, escrita em ingl\u00eas. Por conta do aviso, o estabelecimento <a href=\"https:\/\/temporealrj.com\/bar-lapa-multa-r-95-mil-discriminacao\/\">recebeu uma multa de R$ 9.520<\/a>, aplicada pelo Procon Carioca por viola\u00e7\u00e3o ao C\u00f3digo de Defesa do Consumidor.<\/p>\n<p>Inaugurado na Lapa em 2023, o Partisan se apresenta como \u201cambiente antifascista\u201d. At\u00e9 a manh\u00e3 desta ter\u00e7a, o bar ainda n\u00e3o havia se posicionado sobre o cancelamento da inscri\u00e7\u00e3o.<\/p>\n<div class=\"wp-block-image\">\n<figure class=\"aligncenter size-full is-resized\"><img loading=\"lazy\" decoding=\"async\" width=\"964\" height=\"319\" src=\"https:\/\/temporealrj.com\/wp-content\/uploads\/2026\/04\/WhatsApp-Image-2026-04-28-at-08.38.14.jpeg\" alt=\"WhatsApp Image 2026 04 28 at 08.38.14\" class=\"wp-image-131097\" style=\"width:680px;height:auto\" title=\"Prefeitura do Rio cancela registro de bar na Lapa que vetou entrada de cidad\u00e3os de Israel e EUA 62\" srcset=\"https:\/\/temporealrj.com\/wp-content\/uploads\/2026\/04\/WhatsApp-Image-2026-04-28-at-08.38.14.jpeg 964w, https:\/\/temporealrj.com\/wp-content\/uploads\/2026\/04\/WhatsApp-Image-2026-04-28-at-08.38.14-300x99.jpeg 300w, https:\/\/temporealrj.com\/wp-content\/uploads\/2026\/04\/WhatsApp-Image-2026-04-28-at-08.38.14-768x254.jpeg 768w, https:\/\/temporealrj.com\/wp-content\/uploads\/2026\/04\/WhatsApp-Image-2026-04-28-at-08.38.14-860x285.jpeg 860w\" sizes=\"auto, (max-width: 964px) 100vw, 964px\"\/><\/figure>\n<\/div>\n<\/div>\n<p><\/a><\/p>\n<p>Fonte: temporealrj.com<\/p>\n","protected":false},"excerpt":{"rendered":"<p>A Prefeitura do Rio determinou, nesta ter\u00e7a-feira (28), o cancelamento da inscri\u00e7\u00e3o do bar Partisan, na Lapa, que ficou conhecido ap\u00f3s colocar uma placa na entrada do estabelecimento restringindo o acesso de cidad\u00e3os dos Estados Unidos e de Israel. A medida foi publicada nesta manh\u00e3 no Di\u00e1rio Oficial e \u00e9 assinada pela Secretaria de Ordem [&hellip;]<\/p>\n","protected":false},"author":3,"featured_media":9463,"comment_status":"open","ping_status":"open","sticky":false,"template":"","format":"standard","meta":{"advanced_seo_description":"","jetpack_seo_html_title":"","jetpack_seo_noindex":false,"fifu_image_url":"https:\/\/temporealrj.com\/wp-content\/uploads\/2026\/04\/placa-no-bar-partisan-na-lapa-e1777377492654.jpg","fifu_image_alt":"","_jetpack_memberships_contains_paid_content":false,"footnotes":"","jetpack_publicize_message":"","jetpack_publicize_feature_enabled":true,"jetpack_social_post_already_shared":true,"jetpack_social_options":{"image_generator_settings":{"template":"highway","default_image_id":0,"font":"","enabled":false},"version":2}},"categories":[107],"tags":[],"class_list":{"0":"post-9462","1":"post","2":"type-post","3":"status-publish","4":"format-standard","5":"has-post-thumbnail","7":"category-economia"},"jetpack_publicize_connections":[],"jetpack_featured_media_url":"https:\/\/i0.wp.com\/temporealrj.com\/wp-content\/uploads\/2026\/04\/placa-no-bar-partisan-na-lapa-e1777377492654.jpg?fit=%2C&ssl=1","jetpack_sharing_enabled":true,"jetpack-related-posts":[],"_links":{"self":[{"href":"https:\/\/friburgonoticias.com.br\/temp\/wp-json\/wp\/v2\/posts\/9462","targetHints":{"allow":["GET"]}}],"collection":[{"href":"https:\/\/friburgonoticias.com.br\/temp\/wp-json\/wp\/v2\/posts"}],"about":[{"href":"https:\/\/friburgonoticias.com.br\/temp\/wp-json\/wp\/v2\/types\/post"}],"author":[{"embeddable":true,"href":"https:\/\/friburgonoticias.com.br\/temp\/wp-json\/wp\/v2\/users\/3"}],"replies":[{"embeddable":true,"href":"https:\/\/friburgonoticias.com.br\/temp\/wp-json\/wp\/v2\/comments?post=9462"}],"version-history":[{"count":0,"href":"https:\/\/friburgonoticias.com.br\/temp\/wp-json\/wp\/v2\/posts\/9462\/revisions"}],"wp:featuredmedia":[{"embeddable":true,"href":"https:\/\/friburgonoticias.com.br\/temp\/wp-json\/wp\/v2\/media\/9463"}],"wp:attachment":[{"href":"https:\/\/friburgonoticias.com.br\/temp\/wp-json\/wp\/v2\/media?parent=9462"}],"wp:term":[{"taxonomy":"category","embeddable":true,"href":"https:\/\/friburgonoticias.com.br\/temp\/wp-json\/wp\/v2\/categories?post=9462"},{"taxonomy":"post_tag","embeddable":true,"href":"https:\/\/friburgonoticias.com.br\/temp\/wp-json\/wp\/v2\/tags?post=9462"}],"curies":[{"name":"wp","href":"https:\/\/api.w.org\/{rel}","templated":true}]}}